{"id":15338,"date":"2019-01-14T14:00:00","date_gmt":"2019-01-14T16:00:00","guid":{"rendered":"http:\/\/www.bibliotecadeseguranca.com.br\/fr\/?p=15338"},"modified":"2019-01-14T13:02:44","modified_gmt":"2019-01-14T15:02:44","slug":"seguranca-contra-incendio-em-edificios-2","status":"publish","type":"post","link":"https:\/\/www.bibliotecadeseguranca.com.br\/fr\/livros\/seguranca-contra-incendio-em-edificios-2\/","title":{"rendered":"Seguran\u00e7a Contra Inc\u00eandio em Edif\u00edcios"},"content":{"rendered":"<p><span style=\"color: #003366;\"><strong><img loading=\"lazy\" decoding=\"async\" class=\"alignleft size-full wp-image-15339\" src=\"http:\/\/www.bibliotecadeseguranca.com.br\/fr\/wp-content\/uploads\/2019\/01\/seguranca-contra-incendio-em-edificios.jpg\" alt=\"Seguran\u00e7a Contra Inc\u00eandio em Edif\u00edcios\" width=\"145\" height=\"182\" srcset=\"https:\/\/www.bibliotecadeseguranca.com.br\/fr\/wp-content\/uploads\/2019\/01\/seguranca-contra-incendio-em-edificios.jpg 145w, https:\/\/www.bibliotecadeseguranca.com.br\/fr\/wp-content\/uploads\/2019\/01\/seguranca-contra-incendio-em-edificios-120x150.jpg 120w\" sizes=\"auto, (max-width: 145px) 100vw, 145px\" \/>Jos\u00e9 Aidos Rocha<\/strong><\/span><\/p>\n<p><span style=\"color: #003366;\"><strong>Maison d&#8217;\u00e9dition Exactubooks<\/strong><\/span><\/p>\n<p><span style=\"color: #003366;\"><strong>R\u00e9sum\u00e9:<\/strong><\/span> Uma obra com uma acentuada componente pedag\u00f3gica que visa proporcionar aos leitores,estudantes e t\u00e9cnicos,uma compreens\u00e3o facilitada de todos os requisitos t\u00e9cnicos,associados \u00e0 seguran\u00e7a contra inc\u00eandio,aplic\u00e1veis aos diferentes edif\u00edcios e \u00e0s suas instala\u00e7\u00f5es.A publica\u00e7\u00e3o de um livro denominado &#8220;Seguran\u00e7a contra Inc\u00eandio em Edif\u00edcios -Regulamenta\u00e7\u00e3o Ilustrada e Anotada&#8221; visa proporcionar aos leitores\/t\u00e9cnicos uma interpreta\u00e7\u00e3o e compreens\u00e3o facilitadas de todos os requisitos t\u00e9cnicos aplic\u00e1veis aos diferentes edif\u00edcios e \u00e0s suas instala\u00e7\u00f5es,sem lhe retirar o rigor t\u00e9cnico mas sim refor\u00e7ando-o pela for\u00e7a das imagens.Diligenciou-se tamb\u00e9m no sentido de assegurar uma acentuada componente pedag\u00f3gica,permitindo aos estudantes e principiantes uma r\u00e1pida assimila\u00e7\u00e3o dos conceitos associados \u00e0 seguran\u00e7a contra inc\u00eandio em edif\u00edcios.Relativamente aos restantes t\u00e9cnicos envolvidos na concep\u00e7\u00e3o de edif\u00edcios,possibilitar\u00e1 uma consulta mais r\u00e1pida atrav\u00e9s da interliga\u00e7\u00e3o de assuntos,bem como uma interpreta\u00e7\u00e3o mais facilitada dos requisitos regulamentares aplic\u00e1veis pois o livro pretende ilustrar de forma sistematizada e apelativa as disposi\u00e7\u00f5es aplic\u00e1veis correntemente nos projectos das constru\u00e7\u00f5es.A 1 de Janeiro de 2009 entraram em vigor o Regime Jur\u00eddico da Seguran\u00e7a Contra Inc\u00eandio em Edif\u00edcios (Decreto-Lei n.\u00ba 220\/2008,de 12 de Novembro,cuja redac\u00e7\u00e3o foi posteriormente alterada pelo Decreto-Lei n.\u00ba 224\/2015,de 9 de Outubro)e o Regulamento T\u00e9cnico de Seguran\u00e7a Contra Inc\u00eandio em Edif\u00edcios (Portaria n.\u00ba 1532\/2008,de 29 de Dezembro)que cont\u00eam as exig\u00eancias de seguran\u00e7a contra inc\u00eandio a adoptar na concep\u00e7\u00e3o e na constru\u00e7\u00e3o de edif\u00edcios novos,bem como nos projectos das obras de reabilita\u00e7\u00e3o e de remodela\u00e7\u00e3o dos existentes.Apesar de os diplomas publicados,relativamente aos anteriores,concentrarem e harmonizarem as disposi\u00e7\u00f5es de seguran\u00e7a contra inc\u00eandio (SCIE) aplic\u00e1veis \u00e0s edifica\u00e7\u00f5es,s\u00e3o textos cujo conte\u00fado \u00e9 herm\u00e9tico,acarretando dificuldades na sua compreens\u00e3o para n\u00e3o iniciados.As solu\u00e7\u00f5es preconizadas nem sempre s\u00e3o de f\u00e1cil visualiza\u00e7\u00e3o espacial e a interpreta\u00e7\u00e3o dos requisitos t\u00e9cnicos poder\u00e1 n\u00e3o corresponder \u00e0 real inten\u00e7\u00e3o do legislador para a diversidade de temas abordados que abrangem um largo espectro das especialidades que integram a constru\u00e7\u00e3o.S\u00e3o abordados aspectos que v\u00e3o desde as acessibilidades aos edif\u00edcios,passando pela organiza\u00e7\u00e3o interior dos espa\u00e7os e acabam nas especificidades das instala\u00e7\u00f5es t\u00e9cnicas e de seguran\u00e7a que protegem as edifica\u00e7\u00f5es.As transcri\u00e7\u00f5es das exig\u00eancias regulamentares foram,sempre que poss\u00edvel,identificadas no sentido de orientar o leitor e,apenas pontualmente,foram introduzidos ligeiros acertos nos textos de modo a conferir coer\u00eancia e sentido de leitura,quando n\u00e3o s\u00e3o atingidos nos documentos oficiais.<\/p>\n","protected":false},"excerpt":{"rendered":"<p>Jos\u00e9 Aidos Rocha Maison d&#8217;\u00e9dition Exactubooks R\u00e9sum\u00e9: Uma obra com uma acentuada componente pedag\u00f3gica que visa proporcionar aos leitores,estudantes e t\u00e9cnicos,uma compreens\u00e3o facilitada de todos os requisitos t\u00e9cnicos,associados \u00e0 seguran\u00e7a contra inc\u00eandio,aplic\u00e1veis aos diferentes edif\u00edcios e \u00e0s suas instala\u00e7\u00f5es.A publica\u00e7\u00e3o de um livro denominado &#8220;Seguran\u00e7a contra Inc\u00eandio em Edif\u00edcios -Regulamenta\u00e7\u00e3o Ilustrada e Anotada&#8221; visa proporcionar aos leitores\/t\u00e9cnicos uma interpreta\u00e7\u00e3o e compreens\u00e3o facilitadas de todos os requisitos t\u00e9cnicos aplic\u00e1veis aos diferentes&hellip; <\/p>\n","protected":false},"author":3,"featured_media":15339,"comment_status":"open","ping_status":"closed","sticky":false,"template":"","format":"standard","meta":{"footnotes":""},"categories":[17,6],"tags":[],"class_list":["post-15338","post","type-post","status-publish","format-standard","has-post-thumbnail","hentry","category-incendio","category-livros"],"views":192,"_links":{"self":[{"href":"https:\/\/www.bibliotecadeseguranca.com.br\/fr\/wp-json\/wp\/v2\/posts\/15338","targetHints":{"allow":["GET"]}}],"collection":[{"href":"https:\/\/www.bibliotecadeseguranca.com.br\/fr\/wp-json\/wp\/v2\/posts"}],"about":[{"href":"https:\/\/www.bibliotecadeseguranca.com.br\/fr\/wp-json\/wp\/v2\/types\/post"}],"author":[{"embeddable":true,"href":"https:\/\/www.bibliotecadeseguranca.com.br\/fr\/wp-json\/wp\/v2\/users\/3"}],"replies":[{"embeddable":true,"href":"https:\/\/www.bibliotecadeseguranca.com.br\/fr\/wp-json\/wp\/v2\/comments?post=15338"}],"version-history":[{"count":1,"href":"https:\/\/www.bibliotecadeseguranca.com.br\/fr\/wp-json\/wp\/v2\/posts\/15338\/revisions"}],"predecessor-version":[{"id":15340,"href":"https:\/\/www.bibliotecadeseguranca.com.br\/fr\/wp-json\/wp\/v2\/posts\/15338\/revisions\/15340"}],"wp:featuredmedia":[{"embeddable":true,"href":"https:\/\/www.bibliotecadeseguranca.com.br\/fr\/wp-json\/wp\/v2\/media\/15339"}],"wp:attachment":[{"href":"https:\/\/www.bibliotecadeseguranca.com.br\/fr\/wp-json\/wp\/v2\/media?parent=15338"}],"wp:term":[{"taxonomy":"category","embeddable":true,"href":"https:\/\/www.bibliotecadeseguranca.com.br\/fr\/wp-json\/wp\/v2\/categories?post=15338"},{"taxonomy":"post_tag","embeddable":true,"href":"https:\/\/www.bibliotecadeseguranca.com.br\/fr\/wp-json\/wp\/v2\/tags?post=15338"}],"curies":[{"name":"wp","href":"https:\/\/api.w.org\/{rel}","templated":true}]}}