{"id":15293,"date":"2018-12-17T14:00:55","date_gmt":"2018-12-17T16:00:55","guid":{"rendered":"http:\/\/www.bibliotecadeseguranca.com.br\/fr\/?p=15293"},"modified":"2018-12-17T13:06:41","modified_gmt":"2018-12-17T15:06:41","slug":"armas-de-fogo-e-legitima-defesa","status":"publish","type":"post","link":"https:\/\/www.bibliotecadeseguranca.com.br\/fr\/livros\/armas-de-fogo-e-legitima-defesa\/","title":{"rendered":"Armas de Fogo e Leg\u00edtima Defesa"},"content":{"rendered":"<p><span style=\"color: #003366;\"><strong><img loading=\"lazy\" decoding=\"async\" class=\"alignleft size-full wp-image-15294\" src=\"http:\/\/www.bibliotecadeseguranca.com.br\/fr\/wp-content\/uploads\/2018\/12\/armas-de-fogo-e-legitima-defesa.jpg\" alt=\"Armas de Fogo e Leg\u00edtima Defesa\" width=\"145\" height=\"217\" srcset=\"https:\/\/www.bibliotecadeseguranca.com.br\/fr\/wp-content\/uploads\/2018\/12\/armas-de-fogo-e-legitima-defesa.jpg 145w, https:\/\/www.bibliotecadeseguranca.com.br\/fr\/wp-content\/uploads\/2018\/12\/armas-de-fogo-e-legitima-defesa-100x150.jpg 100w\" sizes=\"auto, (max-width: 145px) 100vw, 145px\" \/>Allan Antunes Marinho Leandro<\/strong><\/span><\/p>\n<p><span style=\"color: #003366;\"><strong>Maison d&#8217;\u00e9dition Lumen Juris<\/strong><\/span><\/p>\n<p><span style=\"color: #003366;\"><strong>R\u00e9sum\u00e9:<\/strong><\/span> A atenta e agrad\u00e1vel leitura da obra a seguir, conduzir\u00e1 o leitor interessado por caminhos do conhecimento e da reflex\u00e3o relativos a alguns, importantes e difundidos, mitos concernentes ao manuseio de armas de fogo no exerc\u00edcio da Leg\u00edtima Defesa.<\/p>\n<p>Al\u00e9m disso, ir\u00e1 proporcionar, a todos os que t\u00eam curiosidade sobre o tema, uma did\u00e1tica e fundamentada no\u00e7\u00e3o da desconstru\u00e7\u00e3o de tais mitos, o que \u00e9 feito com extrema compet\u00eancia pelo Autor que se vale, n\u00e3o s\u00f3, de significativa experi\u00eancia profissional, assim como de ensinamentos te\u00f3rico doutrin\u00e1rios de importante relev\u00e2ncia.<\/p>\n<p>Sem qualquer dem\u00e9rito \u00e0queles que j\u00e1 se lan\u00e7aram \u00e0 dific\u00edlima tarefa de enfrentar t\u00e3o \u00e1rduo assunto, a presente obra, de conte\u00fado inteligente e rigorosamente fundamentado, possibilita a quem se deleitar com sua leitura, a aquisi\u00e7\u00e3o de saber indispens\u00e1vel.<\/p>\n<p>Ouso mencionar, que esta obra, em face de seu relevante conte\u00fado e qualidade t\u00e9cnica, torna-se de import\u00e2ncia fundamental para a difus\u00e3o do tema abordado e dever\u00e1 povoar, obrigatoriamente, as estantes de Magistrados, Promotores de Justi\u00e7a, Agentes de Seguran\u00e7a P\u00fablica, Jornalistas, al\u00e9m de todos que estejam legalmente habilitados a portar uma arma de fogo para sua defesa pessoal.<\/p>\n<p>Ao Autor, Allan Antunes Marinho Leandro, Instrutor da ACADEPOL\/SC e amigo, meus votos de sucesso cont\u00ednuo e o sincero agradecimento pela honra em poder prefaciar esta que, induvidosamente, imagino seja a primeira de muitas outras contribui\u00e7\u00f5es que sua compet\u00eancia ir\u00e1 produzir a fim de complementar o conte\u00fado acad\u00eamico sobre tema de tal magnitude.<\/p>\n","protected":false},"excerpt":{"rendered":"<p>Allan Antunes Marinho Leandro Maison d&#8217;\u00e9dition Lumen Juris R\u00e9sum\u00e9: A atenta e agrad\u00e1vel leitura da obra a seguir, conduzir\u00e1 o leitor interessado por caminhos do conhecimento e da reflex\u00e3o relativos a alguns, importantes e difundidos, mitos concernentes ao manuseio de armas de fogo no exerc\u00edcio da Leg\u00edtima Defesa. Al\u00e9m disso, ir\u00e1 proporcionar, a todos os que t\u00eam curiosidade sobre o tema, uma did\u00e1tica e fundamentada no\u00e7\u00e3o da desconstru\u00e7\u00e3o de tais&hellip; <\/p>\n","protected":false},"author":3,"featured_media":15294,"comment_status":"open","ping_status":"closed","sticky":false,"template":"","format":"standard","meta":{"footnotes":""},"categories":[6,24,25],"tags":[],"class_list":["post-15293","post","type-post","status-publish","format-standard","has-post-thumbnail","hentry","category-livros","category-seguranca-pessoal-e-sequestro","category-seguranca-publica-e-defesa"],"views":272,"_links":{"self":[{"href":"https:\/\/www.bibliotecadeseguranca.com.br\/fr\/wp-json\/wp\/v2\/posts\/15293","targetHints":{"allow":["GET"]}}],"collection":[{"href":"https:\/\/www.bibliotecadeseguranca.com.br\/fr\/wp-json\/wp\/v2\/posts"}],"about":[{"href":"https:\/\/www.bibliotecadeseguranca.com.br\/fr\/wp-json\/wp\/v2\/types\/post"}],"author":[{"embeddable":true,"href":"https:\/\/www.bibliotecadeseguranca.com.br\/fr\/wp-json\/wp\/v2\/users\/3"}],"replies":[{"embeddable":true,"href":"https:\/\/www.bibliotecadeseguranca.com.br\/fr\/wp-json\/wp\/v2\/comments?post=15293"}],"version-history":[{"count":1,"href":"https:\/\/www.bibliotecadeseguranca.com.br\/fr\/wp-json\/wp\/v2\/posts\/15293\/revisions"}],"predecessor-version":[{"id":15295,"href":"https:\/\/www.bibliotecadeseguranca.com.br\/fr\/wp-json\/wp\/v2\/posts\/15293\/revisions\/15295"}],"wp:featuredmedia":[{"embeddable":true,"href":"https:\/\/www.bibliotecadeseguranca.com.br\/fr\/wp-json\/wp\/v2\/media\/15294"}],"wp:attachment":[{"href":"https:\/\/www.bibliotecadeseguranca.com.br\/fr\/wp-json\/wp\/v2\/media?parent=15293"}],"wp:term":[{"taxonomy":"category","embeddable":true,"href":"https:\/\/www.bibliotecadeseguranca.com.br\/fr\/wp-json\/wp\/v2\/categories?post=15293"},{"taxonomy":"post_tag","embeddable":true,"href":"https:\/\/www.bibliotecadeseguranca.com.br\/fr\/wp-json\/wp\/v2\/tags?post=15293"}],"curies":[{"name":"wp","href":"https:\/\/api.w.org\/{rel}","templated":true}]}}