{"id":15247,"date":"2018-11-27T14:00:33","date_gmt":"2018-11-27T16:00:33","guid":{"rendered":"http:\/\/www.bibliotecadeseguranca.com.br\/fr\/?p=15247"},"modified":"2018-11-27T12:56:32","modified_gmt":"2018-11-27T14:56:32","slug":"police-de-proximite","status":"publish","type":"post","link":"https:\/\/www.bibliotecadeseguranca.com.br\/fr\/livros\/police-de-proximite\/","title":{"rendered":"Police de proximit\u00e9"},"content":{"rendered":"<p><span style=\"color: #003366;\"><strong><img loading=\"lazy\" decoding=\"async\" class=\"alignleft size-full wp-image-15248\" src=\"http:\/\/www.bibliotecadeseguranca.com.br\/fr\/wp-content\/uploads\/2018\/11\/police-de-proximite.jpg\" alt=\"Police de proximit\u00e9\" width=\"145\" height=\"225\" srcset=\"https:\/\/www.bibliotecadeseguranca.com.br\/fr\/wp-content\/uploads\/2018\/11\/police-de-proximite.jpg 145w, https:\/\/www.bibliotecadeseguranca.com.br\/fr\/wp-content\/uploads\/2018\/11\/police-de-proximite-97x150.jpg 97w\" sizes=\"auto, (max-width: 145px) 100vw, 145px\" \/>Sebastian Roche<\/strong><\/span><\/p>\n<p><span style=\"color: #003366;\"><strong>Maison d&#8217;\u00e9dition Le Seuil<\/strong><\/span><\/p>\n<p><span style=\"color: #003366;\"><strong>R\u00e9sum\u00e9:<\/strong><\/span> Sebastian Roch\u00e9 est un pionnier. Le premier, il a os\u00e9 analyser le fameux &#8220;sentiment d&#8217;ins\u00e9curit\u00e9&#8221; et a montr\u00e9 que celui-ci n&#8217;\u00e9tait nullement imaginaire. Le premier, aussi, il est parvenu \u00e0 conjuguer enqu\u00eate de terrain et dissection des politiques conduites, naviguant ainsi de la base au sommet. Il est aujourd&#8217;hui le sp\u00e9cialiste reconnu des questions de s\u00e9curit\u00e9.<\/p>\n<p>Dans ce livre, il nous explique pourquoi et comment la volont\u00e9 de cr\u00e9er une police plus efficace et plus d\u00e9mocratique tarde \u00e0 porter ses fruits. Il raconte la r\u00e9forme de la police de proximit\u00e9 voulue par la gauche (et son \u00e9chec apparent), il examine ensuite la &#8220;culture du r\u00e9sultat&#8221; promise par la droite (et son succ\u00e8s apparent).<\/p>\n<p>Sebastian Roch\u00e9 s&#8217;est entretenu avec les principaux acteurs de ces politiques et s&#8217;est procur\u00e9 les documents confidentiels qui permettent de retracer l&#8217;histoire de la d\u00e9cision publique. Le lecteur d\u00e9couvrira que les r\u00e9formateurs sont un petit groupe isol\u00e9 et que les directions parisiennes n&#8217;ont pas les moyens de leurs ambitions, il v\u00e9rifiera combien les gouvernements successifs s&#8217;empruntent mutuellement sur ce terrain. Il pourra enfin, prendre la mesure de ce qui reste \u00e0 faire &#8211; c&#8217;est-\u00e0-dire l&#8217;essentiel.<\/p>\n<p>Un ouvrage incisif, document\u00e9 et politiquement incorrect.<\/p>\n","protected":false},"excerpt":{"rendered":"<p>Sebastian Roche Maison d&#8217;\u00e9dition Le Seuil R\u00e9sum\u00e9: Sebastian Roch\u00e9 est un pionnier. Le premier, il a os\u00e9 analyser le fameux &#8220;sentiment d&#8217;ins\u00e9curit\u00e9&#8221; et a montr\u00e9 que celui-ci n&#8217;\u00e9tait nullement imaginaire. Le premier, aussi, il est parvenu \u00e0 conjuguer enqu\u00eate de terrain et dissection des politiques conduites, naviguant ainsi de la base au sommet. Il est aujourd&#8217;hui le sp\u00e9cialiste reconnu des questions de s\u00e9curit\u00e9. Dans ce livre, il nous explique pourquoi&hellip; <\/p>\n","protected":false},"author":3,"featured_media":15248,"comment_status":"open","ping_status":"closed","sticky":false,"template":"","format":"standard","meta":{"footnotes":""},"categories":[109,6,25],"tags":[],"class_list":["post-15247","post","type-post","status-publish","format-standard","has-post-thumbnail","hentry","category-francais","category-livros","category-seguranca-publica-e-defesa"],"views":177,"_links":{"self":[{"href":"https:\/\/www.bibliotecadeseguranca.com.br\/fr\/wp-json\/wp\/v2\/posts\/15247","targetHints":{"allow":["GET"]}}],"collection":[{"href":"https:\/\/www.bibliotecadeseguranca.com.br\/fr\/wp-json\/wp\/v2\/posts"}],"about":[{"href":"https:\/\/www.bibliotecadeseguranca.com.br\/fr\/wp-json\/wp\/v2\/types\/post"}],"author":[{"embeddable":true,"href":"https:\/\/www.bibliotecadeseguranca.com.br\/fr\/wp-json\/wp\/v2\/users\/3"}],"replies":[{"embeddable":true,"href":"https:\/\/www.bibliotecadeseguranca.com.br\/fr\/wp-json\/wp\/v2\/comments?post=15247"}],"version-history":[{"count":1,"href":"https:\/\/www.bibliotecadeseguranca.com.br\/fr\/wp-json\/wp\/v2\/posts\/15247\/revisions"}],"predecessor-version":[{"id":15249,"href":"https:\/\/www.bibliotecadeseguranca.com.br\/fr\/wp-json\/wp\/v2\/posts\/15247\/revisions\/15249"}],"wp:featuredmedia":[{"embeddable":true,"href":"https:\/\/www.bibliotecadeseguranca.com.br\/fr\/wp-json\/wp\/v2\/media\/15248"}],"wp:attachment":[{"href":"https:\/\/www.bibliotecadeseguranca.com.br\/fr\/wp-json\/wp\/v2\/media?parent=15247"}],"wp:term":[{"taxonomy":"category","embeddable":true,"href":"https:\/\/www.bibliotecadeseguranca.com.br\/fr\/wp-json\/wp\/v2\/categories?post=15247"},{"taxonomy":"post_tag","embeddable":true,"href":"https:\/\/www.bibliotecadeseguranca.com.br\/fr\/wp-json\/wp\/v2\/tags?post=15247"}],"curies":[{"name":"wp","href":"https:\/\/api.w.org\/{rel}","templated":true}]}}