{"id":15237,"date":"2018-11-23T14:00:16","date_gmt":"2018-11-23T16:00:16","guid":{"rendered":"http:\/\/www.bibliotecadeseguranca.com.br\/fr\/?p=15237"},"modified":"2018-11-23T12:39:52","modified_gmt":"2018-11-23T14:39:52","slug":"estudos-sobre-violencia-e-criminalidade-no-brasil-atual","status":"publish","type":"post","link":"https:\/\/www.bibliotecadeseguranca.com.br\/fr\/livros\/estudos-sobre-violencia-e-criminalidade-no-brasil-atual\/","title":{"rendered":"Estudos sobre Viol\u00eancia e Criminalidade no Brasil Atual"},"content":{"rendered":"<p><span style=\"color: #003366;\"><strong><img loading=\"lazy\" decoding=\"async\" class=\"alignleft size-full wp-image-15238\" src=\"http:\/\/www.bibliotecadeseguranca.com.br\/fr\/wp-content\/uploads\/2018\/11\/estudos-sobre-violencia-e-criminalidade-no-brasil-atual.jpg\" alt=\"Estudos sobre Viol\u00eancia e Criminalidade no Brasil Atual\" width=\"145\" height=\"231\" srcset=\"https:\/\/www.bibliotecadeseguranca.com.br\/fr\/wp-content\/uploads\/2018\/11\/estudos-sobre-violencia-e-criminalidade-no-brasil-atual.jpg 145w, https:\/\/www.bibliotecadeseguranca.com.br\/fr\/wp-content\/uploads\/2018\/11\/estudos-sobre-violencia-e-criminalidade-no-brasil-atual-94x150.jpg 94w\" sizes=\"auto, (max-width: 145px) 100vw, 145px\" \/>Tulio Kahn<\/strong><\/span><\/p>\n<p><span style=\"color: #003366;\"><strong>R\u00e9sum\u00e9:<\/strong><\/span> Este livro re\u00fane diversos estudos que realizei entre 2009 e 2011 e que compartilham algumas caracter\u00edsticas: em primeiro lugar, eles foram encomendados por entidades interessadas em conhecer a realidade criminal do Brasil e em especial S\u00e3o Paulo e foram apresentados em semin\u00e1rios no Brasil e no exterior.<\/p>\n","protected":false},"excerpt":{"rendered":"<p>Tulio Kahn R\u00e9sum\u00e9: Este livro re\u00fane diversos estudos que realizei entre 2009 e 2011 e que compartilham algumas caracter\u00edsticas: em primeiro lugar, eles foram encomendados por entidades interessadas em conhecer a realidade criminal do Brasil e em especial S\u00e3o Paulo e foram apresentados em semin\u00e1rios no Brasil e no exterior.<\/p>\n","protected":false},"author":3,"featured_media":15238,"comment_status":"open","ping_status":"closed","sticky":false,"template":"","format":"standard","meta":{"footnotes":""},"categories":[6,25],"tags":[],"class_list":["post-15237","post","type-post","status-publish","format-standard","has-post-thumbnail","hentry","category-livros","category-seguranca-publica-e-defesa"],"views":135,"_links":{"self":[{"href":"https:\/\/www.bibliotecadeseguranca.com.br\/fr\/wp-json\/wp\/v2\/posts\/15237","targetHints":{"allow":["GET"]}}],"collection":[{"href":"https:\/\/www.bibliotecadeseguranca.com.br\/fr\/wp-json\/wp\/v2\/posts"}],"about":[{"href":"https:\/\/www.bibliotecadeseguranca.com.br\/fr\/wp-json\/wp\/v2\/types\/post"}],"author":[{"embeddable":true,"href":"https:\/\/www.bibliotecadeseguranca.com.br\/fr\/wp-json\/wp\/v2\/users\/3"}],"replies":[{"embeddable":true,"href":"https:\/\/www.bibliotecadeseguranca.com.br\/fr\/wp-json\/wp\/v2\/comments?post=15237"}],"version-history":[{"count":1,"href":"https:\/\/www.bibliotecadeseguranca.com.br\/fr\/wp-json\/wp\/v2\/posts\/15237\/revisions"}],"predecessor-version":[{"id":15239,"href":"https:\/\/www.bibliotecadeseguranca.com.br\/fr\/wp-json\/wp\/v2\/posts\/15237\/revisions\/15239"}],"wp:featuredmedia":[{"embeddable":true,"href":"https:\/\/www.bibliotecadeseguranca.com.br\/fr\/wp-json\/wp\/v2\/media\/15238"}],"wp:attachment":[{"href":"https:\/\/www.bibliotecadeseguranca.com.br\/fr\/wp-json\/wp\/v2\/media?parent=15237"}],"wp:term":[{"taxonomy":"category","embeddable":true,"href":"https:\/\/www.bibliotecadeseguranca.com.br\/fr\/wp-json\/wp\/v2\/categories?post=15237"},{"taxonomy":"post_tag","embeddable":true,"href":"https:\/\/www.bibliotecadeseguranca.com.br\/fr\/wp-json\/wp\/v2\/tags?post=15237"}],"curies":[{"name":"wp","href":"https:\/\/api.w.org\/{rel}","templated":true}]}}