{"id":15227,"date":"2018-11-19T14:00:18","date_gmt":"2018-11-19T16:00:18","guid":{"rendered":"http:\/\/www.bibliotecadeseguranca.com.br\/fr\/?p=15227"},"modified":"2018-11-19T12:28:11","modified_gmt":"2018-11-19T14:28:11","slug":"gestao-do-conhecimento-na-atividade-de-inteligencia-de-seguranca-publica","status":"publish","type":"post","link":"https:\/\/www.bibliotecadeseguranca.com.br\/fr\/livros\/gestao-do-conhecimento-na-atividade-de-inteligencia-de-seguranca-publica\/","title":{"rendered":"Gest\u00e3o do Conhecimento na Atividade de Intelig\u00eancia de Seguran\u00e7a P\u00fablica"},"content":{"rendered":"<p><span style=\"color: #003366;\"><strong><img loading=\"lazy\" decoding=\"async\" class=\"alignleft size-full wp-image-15228\" src=\"http:\/\/www.bibliotecadeseguranca.com.br\/fr\/wp-content\/uploads\/2018\/11\/gestao-do-conhecimento-na-atividade-de-inteligencia-de-seguranca-publica.jpg\" alt=\"Gest\u00e3o do Conhecimento na Atividade de Intelig\u00eancia de Seguran\u00e7a P\u00fablica\" width=\"145\" height=\"204\" srcset=\"https:\/\/www.bibliotecadeseguranca.com.br\/fr\/wp-content\/uploads\/2018\/11\/gestao-do-conhecimento-na-atividade-de-inteligencia-de-seguranca-publica.jpg 145w, https:\/\/www.bibliotecadeseguranca.com.br\/fr\/wp-content\/uploads\/2018\/11\/gestao-do-conhecimento-na-atividade-de-inteligencia-de-seguranca-publica-107x150.jpg 107w\" sizes=\"auto, (max-width: 145px) 100vw, 145px\" \/>Jocemar Jos\u00e9 Freire<\/strong><\/span><\/p>\n<p><span style=\"color: #003366;\"><strong>Maison d&#8217;\u00e9dition Appris<\/strong><\/span><\/p>\n<p><span style=\"color: #003366;\"><strong>R\u00e9sum\u00e9:<\/strong><\/span> &#8220;Gest\u00e3o do Conhecimento na Atividade de Intelig\u00eancia de Seguran\u00e7a P\u00fablica: uma abordagem pr\u00e1tica e tecnol\u00f3gica prop\u00f5e aplicar os conceitos e ferramentas atuais da Gest\u00e3o do Conhecimento \u00e0 atividade de Intelig\u00eancia de Seguran\u00e7a P\u00fablica. Tema relativam ente novo, especialmente em organiza\u00e7\u00f5es p\u00fablicas, que n\u00e3o s\u00e3o afetadas diretamente por quest\u00f5es de competitividade, a Gest\u00e3o do Conhecimento come\u00e7a a despontar como importante meio para viabilizar a melhoria dos produtos, processos e servi\u00e7os dispon ibilizados \u00e0 sociedade.Desde seu surgimento na d\u00e9cada de 1990, a Gest\u00e3o do Conhecimento tem se mostrado cada vez mais necess\u00e1ria para que as organiza\u00e7\u00f5es gerenciem suas a\u00e7\u00f5es de captura, utiliza\u00e7\u00e3o, compartilhamento e reten\u00e7\u00e3o do conhecimento com e fetividade.No caso da Seguran\u00e7a P\u00fablica, que busca antecipar a\u00e7\u00f5es criminosas e mitig\u00e1las, n\u00e3o \u00e9 diferente. Essa atividade, de responsabilidade do Estado, necessita de meios cada vez mais eficazes para tratar o enorme arcabou\u00e7o de dados e informa\u00e7\u00f5 es coletados, transform\u00e1los em conhecimento, disseminar o conhecimento gerado e aplic\u00e1lo de modo a melhorar o servi\u00e7o prestado \u00e0 sociedade.Buscando aperfei\u00e7oar suas pr\u00e1ticas e fornecer um servi\u00e7o de excel\u00eancia, o Observat\u00f3rio de Intelig\u00eancia e Segu ran\u00e7a P\u00fablica do 14\u00ba Batalh\u00e3o de Pol\u00edcia Militar, com sede em Jaragu\u00e1 do SulSC, foi o esteio desta obra, v\u00e3o lan\u00e7ar seu olhar sobre o importante papel da Gest\u00e3o do Conhecimento na atividade de Seguran\u00e7a P\u00fablica, servindo de refer\u00eancia de boas pr\u00e1ticas.<\/p>\n","protected":false},"excerpt":{"rendered":"<p>Jocemar Jos\u00e9 Freire Maison d&#8217;\u00e9dition Appris R\u00e9sum\u00e9: &#8220;Gest\u00e3o do Conhecimento na Atividade de Intelig\u00eancia de Seguran\u00e7a P\u00fablica: uma abordagem pr\u00e1tica e tecnol\u00f3gica prop\u00f5e aplicar os conceitos e ferramentas atuais da Gest\u00e3o do Conhecimento \u00e0 atividade de Intelig\u00eancia de Seguran\u00e7a P\u00fablica. Tema relativam ente novo, especialmente em organiza\u00e7\u00f5es p\u00fablicas, que n\u00e3o s\u00e3o afetadas diretamente por quest\u00f5es de competitividade, a Gest\u00e3o do Conhecimento come\u00e7a a despontar como importante meio para viabilizar a&hellip; <\/p>\n","protected":false},"author":3,"featured_media":15228,"comment_status":"open","ping_status":"closed","sticky":false,"template":"","format":"standard","meta":{"footnotes":""},"categories":[6,25],"tags":[],"class_list":["post-15227","post","type-post","status-publish","format-standard","has-post-thumbnail","hentry","category-livros","category-seguranca-publica-e-defesa"],"views":149,"_links":{"self":[{"href":"https:\/\/www.bibliotecadeseguranca.com.br\/fr\/wp-json\/wp\/v2\/posts\/15227","targetHints":{"allow":["GET"]}}],"collection":[{"href":"https:\/\/www.bibliotecadeseguranca.com.br\/fr\/wp-json\/wp\/v2\/posts"}],"about":[{"href":"https:\/\/www.bibliotecadeseguranca.com.br\/fr\/wp-json\/wp\/v2\/types\/post"}],"author":[{"embeddable":true,"href":"https:\/\/www.bibliotecadeseguranca.com.br\/fr\/wp-json\/wp\/v2\/users\/3"}],"replies":[{"embeddable":true,"href":"https:\/\/www.bibliotecadeseguranca.com.br\/fr\/wp-json\/wp\/v2\/comments?post=15227"}],"version-history":[{"count":1,"href":"https:\/\/www.bibliotecadeseguranca.com.br\/fr\/wp-json\/wp\/v2\/posts\/15227\/revisions"}],"predecessor-version":[{"id":15229,"href":"https:\/\/www.bibliotecadeseguranca.com.br\/fr\/wp-json\/wp\/v2\/posts\/15227\/revisions\/15229"}],"wp:featuredmedia":[{"embeddable":true,"href":"https:\/\/www.bibliotecadeseguranca.com.br\/fr\/wp-json\/wp\/v2\/media\/15228"}],"wp:attachment":[{"href":"https:\/\/www.bibliotecadeseguranca.com.br\/fr\/wp-json\/wp\/v2\/media?parent=15227"}],"wp:term":[{"taxonomy":"category","embeddable":true,"href":"https:\/\/www.bibliotecadeseguranca.com.br\/fr\/wp-json\/wp\/v2\/categories?post=15227"},{"taxonomy":"post_tag","embeddable":true,"href":"https:\/\/www.bibliotecadeseguranca.com.br\/fr\/wp-json\/wp\/v2\/tags?post=15227"}],"curies":[{"name":"wp","href":"https:\/\/api.w.org\/{rel}","templated":true}]}}