{"id":15179,"date":"2018-10-29T14:00:04","date_gmt":"2018-10-29T17:00:04","guid":{"rendered":"http:\/\/www.bibliotecadeseguranca.com.br\/fr\/?p=15179"},"modified":"2018-10-29T11:00:05","modified_gmt":"2018-10-29T14:00:05","slug":"pratica-policial-sistematizada","status":"publish","type":"post","link":"https:\/\/www.bibliotecadeseguranca.com.br\/fr\/livros\/pratica-policial-sistematizada\/","title":{"rendered":"Pr\u00e1tica Policial &#8211; Sistematizada"},"content":{"rendered":"<p><span style=\"color: #003366;\"><strong><img loading=\"lazy\" decoding=\"async\" class=\"alignleft size-full wp-image-15180\" src=\"http:\/\/www.bibliotecadeseguranca.com.br\/fr\/wp-content\/uploads\/2018\/10\/pratica-policial-sistematizada.jpg\" alt=\"Pr\u00e1tica Policial - Sistematizada\" width=\"145\" height=\"208\" srcset=\"https:\/\/www.bibliotecadeseguranca.com.br\/fr\/wp-content\/uploads\/2018\/10\/pratica-policial-sistematizada.jpg 145w, https:\/\/www.bibliotecadeseguranca.com.br\/fr\/wp-content\/uploads\/2018\/10\/pratica-policial-sistematizada-105x150.jpg 105w\" sizes=\"auto, (max-width: 145px) 100vw, 145px\" \/>Adriano Souza Costa, Laudelina In\u00e1cio da Silva<\/strong><\/span><\/p>\n<p><span style=\"color: #003366;\"><strong>Maison d&#8217;\u00e9dition Impetus<\/strong><\/span><\/p>\n<p><span style=\"color: #003366;\"><strong>R\u00e9sum\u00e9:<\/strong><\/span> \u201cPr\u00e1tica Policial\u201d Sistematizada, Temas complexos analisados \u00e0 luz da legisla\u00e7\u00e3o, da jurisprud\u00eancia e da doutrina p\u00e1trias, 3\u00aa edi\u00e7\u00e3o, \u00e9 o tipo de livro que todo iniciante sonha em ter em suas m\u00e3os, como guia di\u00e1rio das suas fun\u00e7\u00f5es. Mas sua utilidade, pela qualidade das li\u00e7\u00f5es ministradas, vai muito al\u00e9m disso. Na verdade, todos os que militam na \u00e1rea (delegados, escriv\u00e3es, agentes de pol\u00edcia, \u00b4\u00b4advogados, estagi\u00e1rios, acad\u00eamicos etc.) encontrar\u00e3o neste livro respostas bem elaboradas para uma s\u00e9rie infinita de quest\u00f5es correntes na fase primeira do exerc\u00edcio do poder punitivo. Com certeza, doravante, o livro tamb\u00e9m vai ser adotado nos cursos de forma\u00e7\u00e3o profissional dos agentes e autoridades policiais. Obra de valia \u00edmpar, que se tornar\u00e1 indispens\u00e1vel para facilitar a \u00e1rdua compreens\u00e3o da maior parte da atividade policial. A produ\u00e7\u00e3o editorial brasileira \u00e9 muito farta, vast\u00edssima, a ponto de nos impedir de estarmos atualizados diariamente de tudo quanto se produz. H\u00e1 muita coisa relevante nesse mercado, mas, com certeza, no campo da \u201cPr\u00e1tica Policial\u201d, pouca coisa neste momento se iguala ao presente livro, seja pela sua seriedade e densidade cient\u00edfica, seja pela atualidade dos temas enfrentados, muitos decorrentes de leis recentes, que sempre criam imensas dificuldades de aplica\u00e7\u00e3o pr\u00e1tica.<\/p>\n","protected":false},"excerpt":{"rendered":"<p>Adriano Souza Costa, Laudelina In\u00e1cio da Silva Maison d&#8217;\u00e9dition Impetus R\u00e9sum\u00e9: \u201cPr\u00e1tica Policial\u201d Sistematizada, Temas complexos analisados \u00e0 luz da legisla\u00e7\u00e3o, da jurisprud\u00eancia e da doutrina p\u00e1trias, 3\u00aa edi\u00e7\u00e3o, \u00e9 o tipo de livro que todo iniciante sonha em ter em suas m\u00e3os, como guia di\u00e1rio das suas fun\u00e7\u00f5es. Mas sua utilidade, pela qualidade das li\u00e7\u00f5es ministradas, vai muito al\u00e9m disso. Na verdade, todos os que militam na \u00e1rea (delegados,&hellip; <\/p>\n","protected":false},"author":3,"featured_media":15180,"comment_status":"open","ping_status":"closed","sticky":false,"template":"","format":"standard","meta":{"footnotes":""},"categories":[6,25],"tags":[],"class_list":["post-15179","post","type-post","status-publish","format-standard","has-post-thumbnail","hentry","category-livros","category-seguranca-publica-e-defesa"],"views":199,"_links":{"self":[{"href":"https:\/\/www.bibliotecadeseguranca.com.br\/fr\/wp-json\/wp\/v2\/posts\/15179","targetHints":{"allow":["GET"]}}],"collection":[{"href":"https:\/\/www.bibliotecadeseguranca.com.br\/fr\/wp-json\/wp\/v2\/posts"}],"about":[{"href":"https:\/\/www.bibliotecadeseguranca.com.br\/fr\/wp-json\/wp\/v2\/types\/post"}],"author":[{"embeddable":true,"href":"https:\/\/www.bibliotecadeseguranca.com.br\/fr\/wp-json\/wp\/v2\/users\/3"}],"replies":[{"embeddable":true,"href":"https:\/\/www.bibliotecadeseguranca.com.br\/fr\/wp-json\/wp\/v2\/comments?post=15179"}],"version-history":[{"count":1,"href":"https:\/\/www.bibliotecadeseguranca.com.br\/fr\/wp-json\/wp\/v2\/posts\/15179\/revisions"}],"predecessor-version":[{"id":15181,"href":"https:\/\/www.bibliotecadeseguranca.com.br\/fr\/wp-json\/wp\/v2\/posts\/15179\/revisions\/15181"}],"wp:featuredmedia":[{"embeddable":true,"href":"https:\/\/www.bibliotecadeseguranca.com.br\/fr\/wp-json\/wp\/v2\/media\/15180"}],"wp:attachment":[{"href":"https:\/\/www.bibliotecadeseguranca.com.br\/fr\/wp-json\/wp\/v2\/media?parent=15179"}],"wp:term":[{"taxonomy":"category","embeddable":true,"href":"https:\/\/www.bibliotecadeseguranca.com.br\/fr\/wp-json\/wp\/v2\/categories?post=15179"},{"taxonomy":"post_tag","embeddable":true,"href":"https:\/\/www.bibliotecadeseguranca.com.br\/fr\/wp-json\/wp\/v2\/tags?post=15179"}],"curies":[{"name":"wp","href":"https:\/\/api.w.org\/{rel}","templated":true}]}}