{"id":15150,"date":"2018-10-16T14:00:26","date_gmt":"2018-10-16T17:00:26","guid":{"rendered":"http:\/\/www.bibliotecadeseguranca.com.br\/fr\/?p=15150"},"modified":"2018-10-16T11:47:34","modified_gmt":"2018-10-16T14:47:34","slug":"guia-de-soporte-vital-para-seguridad-privada-como-primer-interviniente-en-incidentes-armados","status":"publish","type":"post","link":"https:\/\/www.bibliotecadeseguranca.com.br\/fr\/livros\/guia-de-soporte-vital-para-seguridad-privada-como-primer-interviniente-en-incidentes-armados\/","title":{"rendered":"Gu\u00eda de Soporte Vital para Seguridad Privada como Primer Interviniente en Incidentes Armados"},"content":{"rendered":"<p><span style=\"color: #003366;\"><strong><img loading=\"lazy\" decoding=\"async\" class=\"alignleft size-full wp-image-15151\" src=\"http:\/\/www.bibliotecadeseguranca.com.br\/fr\/wp-content\/uploads\/2018\/10\/guia-de-soporte-vital-para-seguridad-privada-como-primer-interviniente-en-incidentes-armados.jpg\" alt=\"Gu\u00eda de Soporte Vital para Seguridad Privada como Primer Interviniente en Incidentes Armados\" width=\"145\" height=\"205\" srcset=\"https:\/\/www.bibliotecadeseguranca.com.br\/fr\/wp-content\/uploads\/2018\/10\/guia-de-soporte-vital-para-seguridad-privada-como-primer-interviniente-en-incidentes-armados.jpg 145w, https:\/\/www.bibliotecadeseguranca.com.br\/fr\/wp-content\/uploads\/2018\/10\/guia-de-soporte-vital-para-seguridad-privada-como-primer-interviniente-en-incidentes-armados-106x150.jpg 106w\" sizes=\"auto, (max-width: 145px) 100vw, 145px\" \/>Juan Jos\u00e9 Pajuelo Castro, David Crevill\u00e9n Carretero<\/strong><\/span><\/p>\n<p><span style=\"color: #003366;\"><strong>Maison d&#8217;\u00e9dition Sociedad Espa\u00f1ola de Medicina de Urgencias y Emergencias (SEMES)<\/strong><\/span><\/p>\n<p><span style=\"color: #003366;\"><strong>R\u00e9sum\u00e9:<\/strong><\/span> El objetivo de esta Gu\u00eda no es otro que resumir de manera breve y concisa los pasos ideales (en ocasiones lo ideal no es lo real) que el profesional de la seguridad privada debe dar para una valoraci\u00f3n y manejo iniciales de las principales causas de muerte evitable, hasta la llegada de los Servicios de Emergencia, bien en sus compa\u00f1eros o en ciudadanos heridos. Ya en agosto del pasado 2017 y cuando la aprobaci\u00f3n del todav\u00eda proyecto de nuevo Reglamento de Seguridad Privada parec\u00eda inminente, GrupoDC Solutions solicit\u00f3 en el Ministerio de Interior la inclusi\u00f3n obligatoria de la formaci\u00f3n en gesti\u00f3n de incidentes armados en los programas formativos que acreditan la funci\u00f3n de personal de seguridad.<br \/>\nSe pretende que estas Gu\u00edas aborden la asistencia inicial, en el contexto de una intervenci\u00f3n o incidente donde exista un alto nivel de amenaza, en el que se vean involucrados los \u201coperadores de Seguridad Privada\u201d, puesto que ha quedado demostrado que son los primeros (y en ocasiones los \u00fanicos) en dar respuesta y gestionar inicialmente tanto el incidente en s\u00ed mismo, como a las v\u00edctimas \u2013de haberse producido-, al menos hasta la llegada al lugar de los hechos de los Primeros Intervinientes.<\/p>\n<p><img loading=\"lazy\" decoding=\"async\" class=\"alignleft size-full wp-image-12143\" src=\"http:\/\/www.bibliotecadeseguranca.com.br\/fr\/wp-content\/uploads\/2015\/03\/download_fr.gif\" alt=\"T\u00e9l\u00e9charger\" width=\"107\" height=\"25\" \/><\/p>\n","protected":false},"excerpt":{"rendered":"<p>Juan Jos\u00e9 Pajuelo Castro, David Crevill\u00e9n Carretero Maison d&#8217;\u00e9dition Sociedad Espa\u00f1ola de Medicina de Urgencias y Emergencias (SEMES) R\u00e9sum\u00e9: El objetivo de esta Gu\u00eda no es otro que resumir de manera breve y concisa los pasos ideales (en ocasiones lo ideal no es lo real) que el profesional de la seguridad privada debe dar para una valoraci\u00f3n y manejo iniciales de las principales causas de muerte evitable, hasta la llegada&hellip; <\/p>\n","protected":false},"author":3,"featured_media":15151,"comment_status":"open","ping_status":"closed","sticky":false,"template":"","format":"standard","meta":{"footnotes":""},"categories":[81,23,6,112],"tags":[],"class_list":["post-15150","post","type-post","status-publish","format-standard","has-post-thumbnail","hentry","category-espanol","category-gestao-da-seguranca-empresarial","category-livros","category-download"],"views":337,"_links":{"self":[{"href":"https:\/\/www.bibliotecadeseguranca.com.br\/fr\/wp-json\/wp\/v2\/posts\/15150","targetHints":{"allow":["GET"]}}],"collection":[{"href":"https:\/\/www.bibliotecadeseguranca.com.br\/fr\/wp-json\/wp\/v2\/posts"}],"about":[{"href":"https:\/\/www.bibliotecadeseguranca.com.br\/fr\/wp-json\/wp\/v2\/types\/post"}],"author":[{"embeddable":true,"href":"https:\/\/www.bibliotecadeseguranca.com.br\/fr\/wp-json\/wp\/v2\/users\/3"}],"replies":[{"embeddable":true,"href":"https:\/\/www.bibliotecadeseguranca.com.br\/fr\/wp-json\/wp\/v2\/comments?post=15150"}],"version-history":[{"count":1,"href":"https:\/\/www.bibliotecadeseguranca.com.br\/fr\/wp-json\/wp\/v2\/posts\/15150\/revisions"}],"predecessor-version":[{"id":15152,"href":"https:\/\/www.bibliotecadeseguranca.com.br\/fr\/wp-json\/wp\/v2\/posts\/15150\/revisions\/15152"}],"wp:featuredmedia":[{"embeddable":true,"href":"https:\/\/www.bibliotecadeseguranca.com.br\/fr\/wp-json\/wp\/v2\/media\/15151"}],"wp:attachment":[{"href":"https:\/\/www.bibliotecadeseguranca.com.br\/fr\/wp-json\/wp\/v2\/media?parent=15150"}],"wp:term":[{"taxonomy":"category","embeddable":true,"href":"https:\/\/www.bibliotecadeseguranca.com.br\/fr\/wp-json\/wp\/v2\/categories?post=15150"},{"taxonomy":"post_tag","embeddable":true,"href":"https:\/\/www.bibliotecadeseguranca.com.br\/fr\/wp-json\/wp\/v2\/tags?post=15150"}],"curies":[{"name":"wp","href":"https:\/\/api.w.org\/{rel}","templated":true}]}}