{"id":15131,"date":"2018-10-08T14:00:49","date_gmt":"2018-10-08T17:00:49","guid":{"rendered":"http:\/\/www.bibliotecadeseguranca.com.br\/fr\/?p=15131"},"modified":"2018-10-08T12:41:26","modified_gmt":"2018-10-08T15:41:26","slug":"revista-fenavist-ano-xvi-n-29-agosto-de-2018","status":"publish","type":"post","link":"https:\/\/www.bibliotecadeseguranca.com.br\/fr\/periodicos-de-seguranca\/revista-fenavist-ano-xvi-n-29-agosto-de-2018\/","title":{"rendered":"Revista Fenavist \u2013 Ano XVI \u2013 N 29 \u2013 Agosto de 2018"},"content":{"rendered":"<p><span style=\"color: #003366;\"><strong><img loading=\"lazy\" decoding=\"async\" class=\"alignleft size-full wp-image-15132\" src=\"http:\/\/www.bibliotecadeseguranca.com.br\/fr\/wp-content\/uploads\/2018\/10\/edicao-29-revista-fenavist-agosto-2018.jpg\" alt=\"Revista Fenavist \u2013 Ano XVI \u2013 N 29 \u2013 Agosto de 2018\" width=\"145\" height=\"194\" srcset=\"https:\/\/www.bibliotecadeseguranca.com.br\/fr\/wp-content\/uploads\/2018\/10\/edicao-29-revista-fenavist-agosto-2018.jpg 145w, https:\/\/www.bibliotecadeseguranca.com.br\/fr\/wp-content\/uploads\/2018\/10\/edicao-29-revista-fenavist-agosto-2018-112x150.jpg 112w\" sizes=\"auto, (max-width: 145px) 100vw, 145px\" \/>R\u00e9sum\u00e9:<\/strong><\/span> Consci\u00eancia para voltarmos a crescer<\/p>\n<p>Ao assumir a presid\u00eancia da Federa\u00e7\u00e3o Nacional das Empresas de Seguran\u00e7a e Transporte de Valores (Fenavist), pela primeira vez, em 2014, eu me senti honrado. Assumi com a disposi\u00e7\u00e3o de enfrentar os obst\u00e1culos e com a miss\u00e3o de elevar a representatividade da entidade e do segmento. Desde o in\u00edcio, me senti abra\u00e7ado pelos empres\u00e1rios. Esse apoio foi fundamental para que eu conseguisse desenvolver as a\u00e7\u00f5es previstas mesmo diante dos problemas que apareciam, muitas vezes, de forma inesperada. Esses primeiros quatro anos foram fundamentais para me ensinar a ver as coisas, me desculpem o lugar comum, de forma diferente. Diria que criei calos, adquiri experi\u00eancias, que, nesse novo ciclo que se inicia, ser\u00e3o essenciais para alcan\u00e7armos nossos objetivos e tamb\u00e9m para evitar equ\u00edvocos que possam ter sido cometidos. Ao ser reconduzido ao cargo, agora em 2018, vejo muitas semelhan\u00e7as com o cen\u00e1rio vivido h\u00e1 quatro anos. Infelizmente, o Brasil continua imerso nas crises pol\u00edticas e econ\u00f4micas. Mas isso n\u00e3o pode ser motivo para desistirmos. Como empres\u00e1rios vision\u00e1rios que somos, temos que ver o momento como uma oportunidade, uma chance de mudar essa situa\u00e7\u00e3o de terra arrasada. E a nossa principal arma \u00e9 o voto. Vamos ter consci\u00eancia, sabedoria, discernimento ao escolhermos nossos candidatos. \u00c9 \u00f3bvio que a discuss\u00e3o mais acalorada ser\u00e1 em torno do nome do novo presidente da Rep\u00fablica. Mas, n\u00e3o vamos nos esquecer de que o nosso sistema de governo \u00e9 quase parlamentarista, uma vez que a \u00faltima palavra n\u00e3o \u00e9 do presidente, mas sim do Congresso Nacional, que tem poder at\u00e9 para derrubar os vetos presidenciais.<br \/>\nEnt\u00e3o, \u00e9 preciso ficar atento tamb\u00e9m \u00e0 escolha de deputados, senadores e governadores. Cuidado com o que eu classificaria como \u201cesquizofrenia\u201d na hora de votar. Lembre-se de que o presidente da Rep\u00fablica necessita de uma base de apoio para aprovar as propostas. Sem a consci\u00eancia exata do que desejamos para o Pa\u00eds, podemos acabar elegendo parlamentares com vis\u00e3o diferente da vis\u00e3o do presidente, isso dificulta a aprova\u00e7\u00e3o das reformas estruturais t\u00e3o desejadas. Cuidado tamb\u00e9m com as not\u00edcias falsas, as fake news. Elas j\u00e1 foram um problema na elei\u00e7\u00e3o dos Estados Unidos em 2016, e na vota\u00e7\u00e3o que culminou com a sa\u00edda da Gr\u00e3-Bretanha da Uni\u00e3o Europeia no mesmo ano. Nosso segmento sabe o quanto a dissemina\u00e7\u00e3o de uma informa\u00e7\u00e3o mentirosa \u00e9 prejudicial. H\u00e1 quantos anos lutamos para acabar com o mito de que a seguran\u00e7a privada cresce em meio ao aumento da viol\u00eancia. Assim, se n\u00e3o tiver certeza, n\u00e3o compartilhe. Pesquise, cheque, busque informa\u00e7\u00f5es nos ve\u00edculos tradicionais da imprensa. N\u00e3o vamos ser respons\u00e1veis por piorar a situa\u00e7\u00e3o. Temos sempre de nos recordar que somos l\u00edderes em nossos estados, formadores de opini\u00e3o. Este \u00e9 o momento da virada. Vamos escolher de modo consciente e arrega\u00e7ar as nossas mangas, fazer dos pr\u00f3ximos quatro anos um per\u00edodo de avan\u00e7o para o segmento e a Fenavist. Como sempre digo: juntos, somos mais fortes.<\/p>\n<p>Jeferson Furlan Naz\u00e1rio<br \/>\nPresidente Nacional da Fenavist<\/p>\n<p><a href=\"http:\/\/www.bibliotecadeseguranca.com.br\/wp-content\/uploads\/2018\/10\/revista-fenavist-edicao-29-agosto-2018.pdf\" target=\"_blank\" rel=\"noopener\"><img loading=\"lazy\" decoding=\"async\" class=\"alignleft wp-image-12143 size-full\" src=\"http:\/\/www.bibliotecadeseguranca.com.br\/fr\/wp-content\/uploads\/2015\/03\/download_fr.gif\" alt=\"T\u00e9l\u00e9charger\" width=\"107\" height=\"25\" \/><\/a><\/p>\n","protected":false},"excerpt":{"rendered":"<p>R\u00e9sum\u00e9: Consci\u00eancia para voltarmos a crescer Ao assumir a presid\u00eancia da Federa\u00e7\u00e3o Nacional das Empresas de Seguran\u00e7a e Transporte de Valores (Fenavist), pela primeira vez, em 2014, eu me senti honrado. Assumi com a disposi\u00e7\u00e3o de enfrentar os obst\u00e1culos e com a miss\u00e3o de elevar a representatividade da entidade e do segmento. Desde o in\u00edcio, me senti abra\u00e7ado pelos empres\u00e1rios. Esse apoio foi fundamental para que eu conseguisse desenvolver as&hellip; <\/p>\n","protected":false},"author":3,"featured_media":15132,"comment_status":"open","ping_status":"closed","sticky":false,"template":"","format":"standard","meta":{"footnotes":""},"categories":[124,71,112],"tags":[],"class_list":["post-15131","post","type-post","status-publish","format-standard","has-post-thumbnail","hentry","category-revista-fenavist","category-periodicos-de-seguranca","category-download"],"views":198,"_links":{"self":[{"href":"https:\/\/www.bibliotecadeseguranca.com.br\/fr\/wp-json\/wp\/v2\/posts\/15131","targetHints":{"allow":["GET"]}}],"collection":[{"href":"https:\/\/www.bibliotecadeseguranca.com.br\/fr\/wp-json\/wp\/v2\/posts"}],"about":[{"href":"https:\/\/www.bibliotecadeseguranca.com.br\/fr\/wp-json\/wp\/v2\/types\/post"}],"author":[{"embeddable":true,"href":"https:\/\/www.bibliotecadeseguranca.com.br\/fr\/wp-json\/wp\/v2\/users\/3"}],"replies":[{"embeddable":true,"href":"https:\/\/www.bibliotecadeseguranca.com.br\/fr\/wp-json\/wp\/v2\/comments?post=15131"}],"version-history":[{"count":1,"href":"https:\/\/www.bibliotecadeseguranca.com.br\/fr\/wp-json\/wp\/v2\/posts\/15131\/revisions"}],"predecessor-version":[{"id":15133,"href":"https:\/\/www.bibliotecadeseguranca.com.br\/fr\/wp-json\/wp\/v2\/posts\/15131\/revisions\/15133"}],"wp:featuredmedia":[{"embeddable":true,"href":"https:\/\/www.bibliotecadeseguranca.com.br\/fr\/wp-json\/wp\/v2\/media\/15132"}],"wp:attachment":[{"href":"https:\/\/www.bibliotecadeseguranca.com.br\/fr\/wp-json\/wp\/v2\/media?parent=15131"}],"wp:term":[{"taxonomy":"category","embeddable":true,"href":"https:\/\/www.bibliotecadeseguranca.com.br\/fr\/wp-json\/wp\/v2\/categories?post=15131"},{"taxonomy":"post_tag","embeddable":true,"href":"https:\/\/www.bibliotecadeseguranca.com.br\/fr\/wp-json\/wp\/v2\/tags?post=15131"}],"curies":[{"name":"wp","href":"https:\/\/api.w.org\/{rel}","templated":true}]}}