{"id":15115,"date":"2018-10-01T14:00:58","date_gmt":"2018-10-01T17:00:58","guid":{"rendered":"http:\/\/www.bibliotecadeseguranca.com.br\/fr\/?p=15115"},"modified":"2018-10-01T12:46:32","modified_gmt":"2018-10-01T15:46:32","slug":"seguranca-da-informacao-4","status":"publish","type":"post","link":"https:\/\/www.bibliotecadeseguranca.com.br\/fr\/livros\/seguranca-da-informacao-4\/","title":{"rendered":"Seguran\u00e7a da Informa\u00e7\u00e3o"},"content":{"rendered":"<p><span style=\"color: #003366;\"><strong><img loading=\"lazy\" decoding=\"async\" class=\"alignleft size-full wp-image-15116\" src=\"http:\/\/www.bibliotecadeseguranca.com.br\/fr\/wp-content\/uploads\/2018\/10\/seguranca-da-informacao.jpg\" alt=\"Seguran\u00e7a da Informa\u00e7\u00e3o\" width=\"145\" height=\"194\" srcset=\"https:\/\/www.bibliotecadeseguranca.com.br\/fr\/wp-content\/uploads\/2018\/10\/seguranca-da-informacao.jpg 145w, https:\/\/www.bibliotecadeseguranca.com.br\/fr\/wp-content\/uploads\/2018\/10\/seguranca-da-informacao-112x150.jpg 112w\" sizes=\"auto, (max-width: 145px) 100vw, 145px\" \/>Marcos Aur\u00e9lio Pchek Laureano<\/strong><\/span><\/p>\n<p><span style=\"color: #003366;\"><strong>Maison d&#8217;\u00e9dition Lt<\/strong><\/span><\/p>\n<p><span style=\"color: #003366;\"><strong>R\u00e9sum\u00e9:<\/strong><\/span> Com a evolu\u00e7\u00e3o da tecnologia, os termos seguran\u00e7a e privacidade tornaram-se comuns no dia a dia. Ter cuidados com Seguran\u00e7a da Informa\u00e7\u00e3o n\u00e3o \u00e9 apenas instalar recursos tecnol\u00f3gicos, tais como firewalls, proxys, antiv\u00edrus, etc., mas uma quest\u00e3o de compreender as consequ\u00eancias de poss\u00edveis viola\u00e7\u00f5es da seguran\u00e7a.<br \/>\nO assunto deve ser discutido n\u00e3o apenas no \u00e2mbito dos departamentos de Tecnologia da Informa\u00e7\u00e3o, mas em todos os n\u00edveis e setores das organiza\u00e7\u00f5es. Este livro aborda os principais conceitos relacionados \u00e0 Seguran\u00e7a da Informa\u00e7\u00e3o, seus crit\u00e9rios, alguns aspectos normativos e exp\u00f5em os cuidados com a privacidade das informa\u00e7\u00f5es (principal motivo de discuss\u00e3o atualmente).<\/p>\n","protected":false},"excerpt":{"rendered":"<p>Marcos Aur\u00e9lio Pchek Laureano Maison d&#8217;\u00e9dition Lt R\u00e9sum\u00e9: Com a evolu\u00e7\u00e3o da tecnologia, os termos seguran\u00e7a e privacidade tornaram-se comuns no dia a dia. Ter cuidados com Seguran\u00e7a da Informa\u00e7\u00e3o n\u00e3o \u00e9 apenas instalar recursos tecnol\u00f3gicos, tais como firewalls, proxys, antiv\u00edrus, etc., mas uma quest\u00e3o de compreender as consequ\u00eancias de poss\u00edveis viola\u00e7\u00f5es da seguran\u00e7a. O assunto deve ser discutido n\u00e3o apenas no \u00e2mbito dos departamentos de Tecnologia da Informa\u00e7\u00e3o, mas&hellip; <\/p>\n","protected":false},"author":3,"featured_media":15116,"comment_status":"open","ping_status":"closed","sticky":false,"template":"","format":"standard","meta":{"footnotes":""},"categories":[6,20],"tags":[],"class_list":["post-15115","post","type-post","status-publish","format-standard","has-post-thumbnail","hentry","category-livros","category-seguranca-da-informacao"],"views":122,"_links":{"self":[{"href":"https:\/\/www.bibliotecadeseguranca.com.br\/fr\/wp-json\/wp\/v2\/posts\/15115","targetHints":{"allow":["GET"]}}],"collection":[{"href":"https:\/\/www.bibliotecadeseguranca.com.br\/fr\/wp-json\/wp\/v2\/posts"}],"about":[{"href":"https:\/\/www.bibliotecadeseguranca.com.br\/fr\/wp-json\/wp\/v2\/types\/post"}],"author":[{"embeddable":true,"href":"https:\/\/www.bibliotecadeseguranca.com.br\/fr\/wp-json\/wp\/v2\/users\/3"}],"replies":[{"embeddable":true,"href":"https:\/\/www.bibliotecadeseguranca.com.br\/fr\/wp-json\/wp\/v2\/comments?post=15115"}],"version-history":[{"count":1,"href":"https:\/\/www.bibliotecadeseguranca.com.br\/fr\/wp-json\/wp\/v2\/posts\/15115\/revisions"}],"predecessor-version":[{"id":15117,"href":"https:\/\/www.bibliotecadeseguranca.com.br\/fr\/wp-json\/wp\/v2\/posts\/15115\/revisions\/15117"}],"wp:featuredmedia":[{"embeddable":true,"href":"https:\/\/www.bibliotecadeseguranca.com.br\/fr\/wp-json\/wp\/v2\/media\/15116"}],"wp:attachment":[{"href":"https:\/\/www.bibliotecadeseguranca.com.br\/fr\/wp-json\/wp\/v2\/media?parent=15115"}],"wp:term":[{"taxonomy":"category","embeddable":true,"href":"https:\/\/www.bibliotecadeseguranca.com.br\/fr\/wp-json\/wp\/v2\/categories?post=15115"},{"taxonomy":"post_tag","embeddable":true,"href":"https:\/\/www.bibliotecadeseguranca.com.br\/fr\/wp-json\/wp\/v2\/tags?post=15115"}],"curies":[{"name":"wp","href":"https:\/\/api.w.org\/{rel}","templated":true}]}}