{"id":15078,"date":"2018-09-14T14:00:14","date_gmt":"2018-09-14T17:00:14","guid":{"rendered":"http:\/\/www.bibliotecadeseguranca.com.br\/fr\/?p=15078"},"modified":"2018-09-14T12:55:21","modified_gmt":"2018-09-14T15:55:21","slug":"seguridad-inc-las-empresas-militares-y-de-seguridad-privadas-en-las-relaciones-internacionales-contemporaneas","status":"publish","type":"post","link":"https:\/\/www.bibliotecadeseguranca.com.br\/fr\/livros\/seguridad-inc-las-empresas-militares-y-de-seguridad-privadas-en-las-relaciones-internacionales-contemporaneas\/","title":{"rendered":"Seguridad, Inc.: las empresas militares y de seguridad privadas en las relaciones internacionales contempor\u00e1neas"},"content":{"rendered":"<p><span style=\"color: #003366;\"><strong><img loading=\"lazy\" decoding=\"async\" class=\"alignleft size-full wp-image-15079\" src=\"http:\/\/www.bibliotecadeseguranca.com.br\/fr\/wp-content\/uploads\/2018\/09\/seguridad-inc-las-empresas-militares-y-de-seguridad-privadas-en-las-relaciones-internacionales-contemporaneas.jpg\" alt=\"Seguridad, Inc.: las empresas militares y de seguridad privadas en las relaciones internacionales contempor\u00e1neas\" width=\"145\" height=\"233\" srcset=\"https:\/\/www.bibliotecadeseguranca.com.br\/fr\/wp-content\/uploads\/2018\/09\/seguridad-inc-las-empresas-militares-y-de-seguridad-privadas-en-las-relaciones-internacionales-contemporaneas.jpg 145w, https:\/\/www.bibliotecadeseguranca.com.br\/fr\/wp-content\/uploads\/2018\/09\/seguridad-inc-las-empresas-militares-y-de-seguridad-privadas-en-las-relaciones-internacionales-contemporaneas-93x150.jpg 93w\" sizes=\"auto, (max-width: 145px) 100vw, 145px\" \/>Caterina Garc\u00eda Segura, Pablo Pareja Alcaraz<\/strong><\/span><\/p>\n<p><span style=\"color: #003366;\"><strong>Maison d&#8217;\u00e9dition Bellaterra<\/strong><\/span><\/p>\n<p><span style=\"color: #003366;\"><strong>R\u00e9sum\u00e9:<\/strong><\/span> Desde un enfoque de Relaciones Internacionales, los diversos cap\u00edtulos de la obra Seguridad, Inc. aportan una reflexi\u00f3n cr\u00edtica sobre el impacto de la privatizaci\u00f3n de la seguridad en la soberan\u00eda de los estados; las caracter\u00edsticas de esta nueva industria y del mercado global de las empresas militares y de seguridad privadas; las graves violaciones de derechos humanos por dichas empresas y su responsabilidad jur\u00eddica, as\u00ed como el vac\u00edo existente en el marco jur\u00eddico internacional y la propuesta de regulaci\u00f3n que se debate en las Naciones Unidas. Con esta perspectiva se analizan tambi\u00e9n los escenarios de las guerras de Afganist\u00e1n, Irak o los Balcanes y el caso de la pirater\u00eda en el estrecho de Malaca.<br \/>\nEl libro aporta una reflexi\u00f3n fundamental para comprender las implicaciones que tienen las actividades de las empresas militares y de seguridad privadas; viene a suplir el vac\u00edo en Espa\u00f1a de estudios que analicen esta nueva industria y su desarrollo que ha hecho posible la privatizaci\u00f3n de la guerra.<\/p>\n","protected":false},"excerpt":{"rendered":"<p>Caterina Garc\u00eda Segura, Pablo Pareja Alcaraz Maison d&#8217;\u00e9dition Bellaterra R\u00e9sum\u00e9: Desde un enfoque de Relaciones Internacionales, los diversos cap\u00edtulos de la obra Seguridad, Inc. aportan una reflexi\u00f3n cr\u00edtica sobre el impacto de la privatizaci\u00f3n de la seguridad en la soberan\u00eda de los estados; las caracter\u00edsticas de esta nueva industria y del mercado global de las empresas militares y de seguridad privadas; las graves violaciones de derechos humanos por dichas empresas&hellip; <\/p>\n","protected":false},"author":3,"featured_media":15079,"comment_status":"open","ping_status":"closed","sticky":false,"template":"","format":"standard","meta":{"footnotes":""},"categories":[81,23,6,25],"tags":[],"class_list":["post-15078","post","type-post","status-publish","format-standard","has-post-thumbnail","hentry","category-espanol","category-gestao-da-seguranca-empresarial","category-livros","category-seguranca-publica-e-defesa"],"views":173,"_links":{"self":[{"href":"https:\/\/www.bibliotecadeseguranca.com.br\/fr\/wp-json\/wp\/v2\/posts\/15078","targetHints":{"allow":["GET"]}}],"collection":[{"href":"https:\/\/www.bibliotecadeseguranca.com.br\/fr\/wp-json\/wp\/v2\/posts"}],"about":[{"href":"https:\/\/www.bibliotecadeseguranca.com.br\/fr\/wp-json\/wp\/v2\/types\/post"}],"author":[{"embeddable":true,"href":"https:\/\/www.bibliotecadeseguranca.com.br\/fr\/wp-json\/wp\/v2\/users\/3"}],"replies":[{"embeddable":true,"href":"https:\/\/www.bibliotecadeseguranca.com.br\/fr\/wp-json\/wp\/v2\/comments?post=15078"}],"version-history":[{"count":1,"href":"https:\/\/www.bibliotecadeseguranca.com.br\/fr\/wp-json\/wp\/v2\/posts\/15078\/revisions"}],"predecessor-version":[{"id":15080,"href":"https:\/\/www.bibliotecadeseguranca.com.br\/fr\/wp-json\/wp\/v2\/posts\/15078\/revisions\/15080"}],"wp:featuredmedia":[{"embeddable":true,"href":"https:\/\/www.bibliotecadeseguranca.com.br\/fr\/wp-json\/wp\/v2\/media\/15079"}],"wp:attachment":[{"href":"https:\/\/www.bibliotecadeseguranca.com.br\/fr\/wp-json\/wp\/v2\/media?parent=15078"}],"wp:term":[{"taxonomy":"category","embeddable":true,"href":"https:\/\/www.bibliotecadeseguranca.com.br\/fr\/wp-json\/wp\/v2\/categories?post=15078"},{"taxonomy":"post_tag","embeddable":true,"href":"https:\/\/www.bibliotecadeseguranca.com.br\/fr\/wp-json\/wp\/v2\/tags?post=15078"}],"curies":[{"name":"wp","href":"https:\/\/api.w.org\/{rel}","templated":true}]}}