{"id":15072,"date":"2018-09-11T14:00:57","date_gmt":"2018-09-11T17:00:57","guid":{"rendered":"http:\/\/www.bibliotecadeseguranca.com.br\/fr\/?p=15072"},"modified":"2018-09-11T12:33:00","modified_gmt":"2018-09-11T15:33:00","slug":"rio-sob-intervencao","status":"publish","type":"post","link":"https:\/\/www.bibliotecadeseguranca.com.br\/fr\/livros\/rio-sob-intervencao\/","title":{"rendered":"Rio sob Interven\u00e7\u00e3o"},"content":{"rendered":"<p><span style=\"color: #003366;\"><strong><img loading=\"lazy\" decoding=\"async\" class=\"alignleft size-full wp-image-15073\" src=\"http:\/\/www.bibliotecadeseguranca.com.br\/fr\/wp-content\/uploads\/2018\/09\/rio-sob-intervencao.jpg\" alt=\"Rio sob Interven\u00e7\u00e3o\" width=\"145\" height=\"205\" srcset=\"https:\/\/www.bibliotecadeseguranca.com.br\/fr\/wp-content\/uploads\/2018\/09\/rio-sob-intervencao.jpg 145w, https:\/\/www.bibliotecadeseguranca.com.br\/fr\/wp-content\/uploads\/2018\/09\/rio-sob-intervencao-106x150.jpg 106w\" sizes=\"auto, (max-width: 145px) 100vw, 145px\" \/>F\u00f3rum Brasileiro de Seguran\u00e7a P\u00fablica<\/strong><\/span><\/p>\n<p><span style=\"color: #003366;\"><strong>R\u00e9sum\u00e9:<\/strong><\/span> O F\u00f3rum Brasileiro de Seguran\u00e7a P\u00fablica, em parceria com o Ins-tituto Datafolha e apoio do Centro de Estudos de Seguran\u00e7a e Cidadania \u2013 Cesec, da Universidade C\u00e2ndido Mendes, coloca \u00e0 dispo-si\u00e7\u00e3o neste relat\u00f3rio os resultados de uma pesquisa de opini\u00e3o que investiga aspectos associados \u00e0 seguran\u00e7a p\u00fablica no Brasil e, mais es-pecificamente, \u00e0 realidade da Cidade do Rio de Janeiro.A pesquisa FBSP\/Datafolha \u201cRio sob Interven\u00e7\u00e3o\u201d teve como ob-jetivo principal oferecer uma vis\u00e3o ampla sobre medo, risco e vitimi-za\u00e7\u00e3o da popula\u00e7\u00e3o carioca e criar uma linha de base fidedigna para a avalia\u00e7\u00e3o e monitoramento da Interven\u00e7\u00e3o Federal na Seguran\u00e7a P\u00fa-blica. \u00c9 a forma que o FBSP encontrou para aliar sua linha de atua\u00e7\u00e3o em torno de uma aposta radical na transpar\u00eancia e na presta\u00e7\u00e3o de contas enquanto ferramentas de moderniza\u00e7\u00e3o da \u00e1rea ao monitora-mento que vem sendo realizado pelo Observat\u00f3rio da Interven\u00e7\u00e3o, liderado pelo Cesec\/UCAM.Por esta aposta, o FBSP entendeu que o debate em torno da In-terven\u00e7\u00e3o Federal na Seguran\u00e7a P\u00fablica do Rio de Janeiro, decretada em 16 de fevereiro de 2018, pode ganhar mais densidade se tamb\u00e9m subsidiado com indicadores que permitam aos v\u00e1rios setores dedica-dos \u00e0 an\u00e1lise da quest\u00e3o uma discuss\u00e3o sobre as percep\u00e7\u00f5es de medo e risco, bem como a preval\u00eancia da vitimiza\u00e7\u00e3o da popula\u00e7\u00e3o carioca com 16 anos ou mais de idade.O que, em outras palavras, significa dispor de uma ferramenta de acompanhamento e monitoramento n\u00e3o s\u00f3 das a\u00e7\u00f5es que est\u00e3o sen-do formuladas e implementadas pelo Interventor Federal nomeado e sua equipe, mas da evolu\u00e7\u00e3o dos registros oficiais. A transpar\u00eancia e o rigor t\u00e9cnico que os dados sobre ocorr\u00eancias policiais e registros criminais t\u00eam no Rio de Janeiro n\u00e3o podem ser v\u00edtimas de eventuais estrat\u00e9gias opacas. E, para n\u00e3o nos fiarmos apenas em declara\u00e7\u00f5es de inten\u00e7\u00e3o, nada mais enf\u00e1tico do que produzir evid\u00eancias para balizar o debate.<\/p>\n<p><a href=\"http:\/\/www.bibliotecadeseguranca.com.br\/wp-content\/uploads\/2018\/09\/rio_sob_intervencao_2018_relatorio.pdf\" target=\"_blank\" rel=\"noopener\"><img loading=\"lazy\" decoding=\"async\" class=\"alignleft wp-image-12143 size-full\" src=\"http:\/\/www.bibliotecadeseguranca.com.br\/fr\/wp-content\/uploads\/2015\/03\/download_fr.gif\" alt=\"T\u00e9l\u00e9charger\" width=\"107\" height=\"25\" \/><\/a><\/p>\n","protected":false},"excerpt":{"rendered":"<p>F\u00f3rum Brasileiro de Seguran\u00e7a P\u00fablica R\u00e9sum\u00e9: O F\u00f3rum Brasileiro de Seguran\u00e7a P\u00fablica, em parceria com o Ins-tituto Datafolha e apoio do Centro de Estudos de Seguran\u00e7a e Cidadania \u2013 Cesec, da Universidade C\u00e2ndido Mendes, coloca \u00e0 dispo-si\u00e7\u00e3o neste relat\u00f3rio os resultados de uma pesquisa de opini\u00e3o que investiga aspectos associados \u00e0 seguran\u00e7a p\u00fablica no Brasil e, mais es-pecificamente, \u00e0 realidade da Cidade do Rio de Janeiro.A pesquisa FBSP\/Datafolha \u201cRio sob&hellip; <\/p>\n","protected":false},"author":3,"featured_media":15073,"comment_status":"open","ping_status":"closed","sticky":false,"template":"","format":"standard","meta":{"footnotes":""},"categories":[6,25,112],"tags":[],"class_list":["post-15072","post","type-post","status-publish","format-standard","has-post-thumbnail","hentry","category-livros","category-seguranca-publica-e-defesa","category-download"],"views":226,"_links":{"self":[{"href":"https:\/\/www.bibliotecadeseguranca.com.br\/fr\/wp-json\/wp\/v2\/posts\/15072","targetHints":{"allow":["GET"]}}],"collection":[{"href":"https:\/\/www.bibliotecadeseguranca.com.br\/fr\/wp-json\/wp\/v2\/posts"}],"about":[{"href":"https:\/\/www.bibliotecadeseguranca.com.br\/fr\/wp-json\/wp\/v2\/types\/post"}],"author":[{"embeddable":true,"href":"https:\/\/www.bibliotecadeseguranca.com.br\/fr\/wp-json\/wp\/v2\/users\/3"}],"replies":[{"embeddable":true,"href":"https:\/\/www.bibliotecadeseguranca.com.br\/fr\/wp-json\/wp\/v2\/comments?post=15072"}],"version-history":[{"count":1,"href":"https:\/\/www.bibliotecadeseguranca.com.br\/fr\/wp-json\/wp\/v2\/posts\/15072\/revisions"}],"predecessor-version":[{"id":15074,"href":"https:\/\/www.bibliotecadeseguranca.com.br\/fr\/wp-json\/wp\/v2\/posts\/15072\/revisions\/15074"}],"wp:featuredmedia":[{"embeddable":true,"href":"https:\/\/www.bibliotecadeseguranca.com.br\/fr\/wp-json\/wp\/v2\/media\/15073"}],"wp:attachment":[{"href":"https:\/\/www.bibliotecadeseguranca.com.br\/fr\/wp-json\/wp\/v2\/media?parent=15072"}],"wp:term":[{"taxonomy":"category","embeddable":true,"href":"https:\/\/www.bibliotecadeseguranca.com.br\/fr\/wp-json\/wp\/v2\/categories?post=15072"},{"taxonomy":"post_tag","embeddable":true,"href":"https:\/\/www.bibliotecadeseguranca.com.br\/fr\/wp-json\/wp\/v2\/tags?post=15072"}],"curies":[{"name":"wp","href":"https:\/\/api.w.org\/{rel}","templated":true}]}}