{"id":15056,"date":"2018-09-04T14:00:03","date_gmt":"2018-09-04T17:00:03","guid":{"rendered":"http:\/\/www.bibliotecadeseguranca.com.br\/fr\/?p=15056"},"modified":"2018-09-04T09:16:44","modified_gmt":"2018-09-04T12:16:44","slug":"droit-de-la-securite-interieure","status":"publish","type":"post","link":"https:\/\/www.bibliotecadeseguranca.com.br\/fr\/livros\/droit-de-la-securite-interieure\/","title":{"rendered":"Droit de la S\u00e9curit\u00e9 int\u00e9rieure"},"content":{"rendered":"<p><span style=\"color: #003366;\"><strong><img loading=\"lazy\" decoding=\"async\" class=\"alignleft size-full wp-image-15057\" src=\"http:\/\/www.bibliotecadeseguranca.com.br\/fr\/wp-content\/uploads\/2018\/09\/droit-de-la-securite-interieure.jpg\" alt=\"Droit de la S\u00e9curit\u00e9 int\u00e9rieure\" width=\"145\" height=\"221\" srcset=\"https:\/\/www.bibliotecadeseguranca.com.br\/fr\/wp-content\/uploads\/2018\/09\/droit-de-la-securite-interieure.jpg 145w, https:\/\/www.bibliotecadeseguranca.com.br\/fr\/wp-content\/uploads\/2018\/09\/droit-de-la-securite-interieure-98x150.jpg 98w\" sizes=\"auto, (max-width: 145px) 100vw, 145px\" \/>Emmanuel Dupic<\/strong><\/span><\/p>\n<p><span style=\"color: #003366;\"><strong>Maison d&#8217;\u00e9dition Gualino<\/strong><\/span><\/p>\n<p><span style=\"color: #003366;\"><strong>R\u00e9sum\u00e9:<\/strong><\/span> Le nouveau Code de la S\u00e9curit\u00e9 int\u00e9rieure consacre l \u00e9mergence d un nouveau droit qui s applique:<br \/>\n&#8211; aux administrations de l \u00e9tat (police, gendarmerie, douanes, justice, arm\u00e9es) ; &#8211; aux acteurs territoriaux (maire et police municipale);<br \/>\n&#8211; aux entreprises priv\u00e9es de s\u00e9curit\u00e9 (service interne de s\u00e9curit\u00e9, agent de s\u00fbret\u00e9 a\u00e9roportuaire, stadier, d\u00e9tective priv\u00e9) ou aux op\u00e9rateurs charg\u00e9s d int\u00e9r\u00eats vitaux pour la France (RATP, SNCF).<br \/>\nCet ouvrage est le premier manuel enti\u00e8rement d\u00e9di\u00e9 au Droit de la S\u00e9curit\u00e9 int\u00e9rieure qui appr\u00e9hende la protection des personnes, des biens et des institutions et les principes d organisation des acteurs de la s\u00e9curit\u00e9 int\u00e9rieure. Il traite \u00e9galement du nouveau territoire num\u00e9rique de la cybercriminalit\u00e9.<br \/>\nIl est \u00e0 jour des plus r\u00e9centes r\u00e9formes, y compris en mati\u00e8re de terrorisme, et d\u00e9finit les contours du nouveau corpus de ce droit qui emprunte autant au droit public qu au droit priv\u00e9.<br \/>\nLe Droit de la S\u00e9curit\u00e9 int\u00e9rieure d\u00e9finit un cadre juridique d action \u00e0 l ensemble des acteurs de la S\u00e9curit\u00e9 int\u00e9rieure.<br \/>\n\u00c9minemment r\u00e9galien, ce nouveau droit : &#8211; offre un cadre sp\u00e9cifique \u00e0 la police de l ordre et de la s\u00e9curit\u00e9 publique, la police judiciaire et la lutte contre la d\u00e9linquance, le renseignement, la lutte contre le terrorisme&#8230; ;<br \/>\n&#8211; d\u00e9finit un cadre juridique commun pour l usage des fichiers et la vid\u00e9oprojection, le droit du recours \u00e0 la force et \u00e0 l usage des armes et pour la d\u00e9ontologie des acteurs de la s\u00e9curit\u00e9 int\u00e9rieure;<br \/>\n&#8211; soumet tous les acteurs de la s\u00e9curit\u00e9 aux m\u00eames organes de contr\u00f4le (les corps d inspection, le D\u00e9fenseur des droits, le Contr\u00f4leur g\u00e9n\u00e9ral des prisons, les juges&#8230;).<br \/>\nUnique ouvrage consacr\u00e9 au Droit de la S\u00e9curit\u00e9 int\u00e9rieure, ce manuel pratique et th\u00e9orique est une r\u00e9f\u00e9rence incontournable pour tous, praticiens, \u00e9tudiants en droit, candidats \u00e0 l acc\u00e8s de ces professions.<\/p>\n","protected":false},"excerpt":{"rendered":"<p>Emmanuel Dupic Maison d&#8217;\u00e9dition Gualino R\u00e9sum\u00e9: Le nouveau Code de la S\u00e9curit\u00e9 int\u00e9rieure consacre l \u00e9mergence d un nouveau droit qui s applique: &#8211; aux administrations de l \u00e9tat (police, gendarmerie, douanes, justice, arm\u00e9es) ; &#8211; aux acteurs territoriaux (maire et police municipale); &#8211; aux entreprises priv\u00e9es de s\u00e9curit\u00e9 (service interne de s\u00e9curit\u00e9, agent de s\u00fbret\u00e9 a\u00e9roportuaire, stadier, d\u00e9tective priv\u00e9) ou aux op\u00e9rateurs charg\u00e9s d int\u00e9r\u00eats vitaux pour la France&hellip; <\/p>\n","protected":false},"author":3,"featured_media":15057,"comment_status":"open","ping_status":"closed","sticky":false,"template":"","format":"standard","meta":{"footnotes":""},"categories":[109,6,25],"tags":[],"class_list":["post-15056","post","type-post","status-publish","format-standard","has-post-thumbnail","hentry","category-francais","category-livros","category-seguranca-publica-e-defesa"],"views":169,"_links":{"self":[{"href":"https:\/\/www.bibliotecadeseguranca.com.br\/fr\/wp-json\/wp\/v2\/posts\/15056","targetHints":{"allow":["GET"]}}],"collection":[{"href":"https:\/\/www.bibliotecadeseguranca.com.br\/fr\/wp-json\/wp\/v2\/posts"}],"about":[{"href":"https:\/\/www.bibliotecadeseguranca.com.br\/fr\/wp-json\/wp\/v2\/types\/post"}],"author":[{"embeddable":true,"href":"https:\/\/www.bibliotecadeseguranca.com.br\/fr\/wp-json\/wp\/v2\/users\/3"}],"replies":[{"embeddable":true,"href":"https:\/\/www.bibliotecadeseguranca.com.br\/fr\/wp-json\/wp\/v2\/comments?post=15056"}],"version-history":[{"count":1,"href":"https:\/\/www.bibliotecadeseguranca.com.br\/fr\/wp-json\/wp\/v2\/posts\/15056\/revisions"}],"predecessor-version":[{"id":15058,"href":"https:\/\/www.bibliotecadeseguranca.com.br\/fr\/wp-json\/wp\/v2\/posts\/15056\/revisions\/15058"}],"wp:featuredmedia":[{"embeddable":true,"href":"https:\/\/www.bibliotecadeseguranca.com.br\/fr\/wp-json\/wp\/v2\/media\/15057"}],"wp:attachment":[{"href":"https:\/\/www.bibliotecadeseguranca.com.br\/fr\/wp-json\/wp\/v2\/media?parent=15056"}],"wp:term":[{"taxonomy":"category","embeddable":true,"href":"https:\/\/www.bibliotecadeseguranca.com.br\/fr\/wp-json\/wp\/v2\/categories?post=15056"},{"taxonomy":"post_tag","embeddable":true,"href":"https:\/\/www.bibliotecadeseguranca.com.br\/fr\/wp-json\/wp\/v2\/tags?post=15056"}],"curies":[{"name":"wp","href":"https:\/\/api.w.org\/{rel}","templated":true}]}}