{"id":15020,"date":"2018-08-20T14:00:05","date_gmt":"2018-08-20T17:00:05","guid":{"rendered":"http:\/\/www.bibliotecadeseguranca.com.br\/fr\/?p=15020"},"modified":"2018-08-20T13:13:19","modified_gmt":"2018-08-20T16:13:19","slug":"quem-comanda-a-seguranca-publica-no-brasil","status":"publish","type":"post","link":"https:\/\/www.bibliotecadeseguranca.com.br\/fr\/livros\/quem-comanda-a-seguranca-publica-no-brasil\/","title":{"rendered":"Quem Comanda a Seguran\u00e7a P\u00fablica no Brasil?"},"content":{"rendered":"<p><span style=\"color: #003366;\"><strong><img loading=\"lazy\" decoding=\"async\" class=\"alignleft size-full wp-image-15021\" src=\"http:\/\/www.bibliotecadeseguranca.com.br\/fr\/wp-content\/uploads\/2018\/08\/quem-comanda-a-seguranca-publica-no-brasil.jpg\" alt=\"Quem Comanda a Seguran\u00e7a P\u00fablica no Brasil?\" width=\"145\" height=\"220\" srcset=\"https:\/\/www.bibliotecadeseguranca.com.br\/fr\/wp-content\/uploads\/2018\/08\/quem-comanda-a-seguranca-publica-no-brasil.jpg 145w, https:\/\/www.bibliotecadeseguranca.com.br\/fr\/wp-content\/uploads\/2018\/08\/quem-comanda-a-seguranca-publica-no-brasil-99x150.jpg 99w\" sizes=\"auto, (max-width: 145px) 100vw, 145px\" \/>Robson S\u00e1vio Reis Souza<\/strong><\/span><\/p>\n<p><span style=\"color: #003366;\"><strong>Maison d&#8217;\u00e9dition Letramento<\/strong><\/span><\/p>\n<p><span style=\"color: #003366;\"><strong>R\u00e9sum\u00e9:<\/strong><\/span> A Partir De Meados Da D\u00e9cada De 1990, Iniciaram-Se Importantes Altera\u00e7\u00f5es Na Pol\u00edtica De Seguran\u00e7a P\u00fablica No Brasil. O Objetivo Deste Livro \u00c9 Produzir Uma An\u00e1lise Das Mudan\u00e7as Ocorridas Nessa Pol\u00edtica, Desde Ent\u00e3o. Parte-Se Da Hip\u00f3tese De Que A Mudan\u00e7a Na Pol\u00edtica (Policy) Ou Num Dado Subsistema De Pol\u00edtica P\u00fablica \u00c9 Fruto Da Competi\u00e7\u00e3o E \u00c9 Motivada Por Atores, Cren\u00e7as E Coaliz\u00f5es Que Se Articulam Ao Longo Do Tempo, Interferindo Na Configura\u00e7\u00e3o De Uma Determinada Pol\u00edtica P\u00fablica. Assim, Este Livro Descreve Minuciosamente O Processo De Identifica\u00e7\u00e3o De Coaliz\u00f5es Que Alteraram A Pol\u00edtica Nacional De Seguran\u00e7a P\u00fablica, Possibilitando, Tamb\u00e9m, Apontar Os Objetivos, As Cren\u00e7as, Ideias E Percep\u00e7\u00f5es Dos Atores Envolvidos Nesse Processo De Mudan\u00e7as, Nos \u00daltimos 20 Anos. Est\u00e3o Entre Os Objetivos Deste Livro: (A) Apresentar Um Panorama Da Seguran\u00e7a P\u00fablica Brasileira; (B) Verificar Quais Foram Os Atores E Empreendedores [De Pol\u00edtica] Respons\u00e1veis Pela Defini\u00e7\u00e3o De Novos Pap\u00e9is Para A Pol\u00edtica Nacional De Seguran\u00e7a P\u00fablica, Nos \u00daltimos Anos; (C) Apontar Os Sistemas De Cren\u00e7as Que Subsidiaram A Forma\u00e7\u00e3o E Manuten\u00e7\u00e3o De Coaliz\u00f5es Nos Governos Fhc, Lula E Dilma; E (D) Demonstrar Que As Mudan\u00e7as (Mesmo Que Incrementais) Articuladas Por Novos Atores E Empreendedores Produziram Altera\u00e7\u00f5es Significativas Na Pol\u00edtica De Seguran\u00e7a P\u00fablica Brasileira.<\/p>\n","protected":false},"excerpt":{"rendered":"<p>Robson S\u00e1vio Reis Souza Maison d&#8217;\u00e9dition Letramento R\u00e9sum\u00e9: A Partir De Meados Da D\u00e9cada De 1990, Iniciaram-Se Importantes Altera\u00e7\u00f5es Na Pol\u00edtica De Seguran\u00e7a P\u00fablica No Brasil. O Objetivo Deste Livro \u00c9 Produzir Uma An\u00e1lise Das Mudan\u00e7as Ocorridas Nessa Pol\u00edtica, Desde Ent\u00e3o. Parte-Se Da Hip\u00f3tese De Que A Mudan\u00e7a Na Pol\u00edtica (Policy) Ou Num Dado Subsistema De Pol\u00edtica P\u00fablica \u00c9 Fruto Da Competi\u00e7\u00e3o E \u00c9 Motivada Por Atores, Cren\u00e7as E Coaliz\u00f5es&hellip; <\/p>\n","protected":false},"author":3,"featured_media":15021,"comment_status":"open","ping_status":"closed","sticky":false,"template":"","format":"standard","meta":{"footnotes":""},"categories":[10,6,25],"tags":[],"class_list":["post-15020","post","type-post","status-publish","format-standard","has-post-thumbnail","hentry","category-crime-violencia-e-criminologia","category-livros","category-seguranca-publica-e-defesa"],"views":282,"_links":{"self":[{"href":"https:\/\/www.bibliotecadeseguranca.com.br\/fr\/wp-json\/wp\/v2\/posts\/15020","targetHints":{"allow":["GET"]}}],"collection":[{"href":"https:\/\/www.bibliotecadeseguranca.com.br\/fr\/wp-json\/wp\/v2\/posts"}],"about":[{"href":"https:\/\/www.bibliotecadeseguranca.com.br\/fr\/wp-json\/wp\/v2\/types\/post"}],"author":[{"embeddable":true,"href":"https:\/\/www.bibliotecadeseguranca.com.br\/fr\/wp-json\/wp\/v2\/users\/3"}],"replies":[{"embeddable":true,"href":"https:\/\/www.bibliotecadeseguranca.com.br\/fr\/wp-json\/wp\/v2\/comments?post=15020"}],"version-history":[{"count":1,"href":"https:\/\/www.bibliotecadeseguranca.com.br\/fr\/wp-json\/wp\/v2\/posts\/15020\/revisions"}],"predecessor-version":[{"id":15022,"href":"https:\/\/www.bibliotecadeseguranca.com.br\/fr\/wp-json\/wp\/v2\/posts\/15020\/revisions\/15022"}],"wp:featuredmedia":[{"embeddable":true,"href":"https:\/\/www.bibliotecadeseguranca.com.br\/fr\/wp-json\/wp\/v2\/media\/15021"}],"wp:attachment":[{"href":"https:\/\/www.bibliotecadeseguranca.com.br\/fr\/wp-json\/wp\/v2\/media?parent=15020"}],"wp:term":[{"taxonomy":"category","embeddable":true,"href":"https:\/\/www.bibliotecadeseguranca.com.br\/fr\/wp-json\/wp\/v2\/categories?post=15020"},{"taxonomy":"post_tag","embeddable":true,"href":"https:\/\/www.bibliotecadeseguranca.com.br\/fr\/wp-json\/wp\/v2\/tags?post=15020"}],"curies":[{"name":"wp","href":"https:\/\/api.w.org\/{rel}","templated":true}]}}