{"id":15014,"date":"2018-08-17T14:00:14","date_gmt":"2018-08-17T17:00:14","guid":{"rendered":"http:\/\/www.bibliotecadeseguranca.com.br\/fr\/?p=15014"},"modified":"2018-08-17T11:35:41","modified_gmt":"2018-08-17T14:35:41","slug":"la-politica-de-seguridad-y-defensa-de-la-union-europea","status":"publish","type":"post","link":"https:\/\/www.bibliotecadeseguranca.com.br\/fr\/livros\/la-politica-de-seguridad-y-defensa-de-la-union-europea\/","title":{"rendered":"La Pol\u00edtica de Seguridad y Defensa de la Uni\u00f3n Europea"},"content":{"rendered":"<p><span style=\"color: #003366;\"><strong><img loading=\"lazy\" decoding=\"async\" class=\"alignleft size-full wp-image-15015\" src=\"http:\/\/www.bibliotecadeseguranca.com.br\/fr\/wp-content\/uploads\/2018\/08\/la-politica-de-seguridad-y-defensa-de-la-union-europea.jpg\" alt=\"La Pol\u00edtica de Seguridad y Defensa de la Uni\u00f3n Europea\" width=\"145\" height=\"207\" srcset=\"https:\/\/www.bibliotecadeseguranca.com.br\/fr\/wp-content\/uploads\/2018\/08\/la-politica-de-seguridad-y-defensa-de-la-union-europea.jpg 145w, https:\/\/www.bibliotecadeseguranca.com.br\/fr\/wp-content\/uploads\/2018\/08\/la-politica-de-seguridad-y-defensa-de-la-union-europea-105x150.jpg 105w\" sizes=\"auto, (max-width: 145px) 100vw, 145px\" \/>Ainhoa Uribe Otalora<\/strong><\/span><\/p>\n<p><span style=\"color: #003366;\"><strong>Maison d&#8217;\u00e9dition Tirant lo Blanch<\/strong><\/span><\/p>\n<p><span style=\"color: #003366;\"><strong>R\u00e9sum\u00e9:<\/strong><\/span> La obra analiza el desarrollo de la Politica Exterior de Seguridad y Defensa de la Uni\u00f3n Europea (UE) desde el punto de vista de su papel como garante de la paz, los derechos humanos y el Estado de Derecho. El estudio es fruto de varios proyectos de investigaci\u00f3n. De un lado, el proyecto europeo de investigaci\u00f3n &#8220;Armed conflicts, Peacekeeping, Transnacional Justice: Law as solution&#8221; (Proyecto ATLAS), financiado por lo Comisi\u00f3n Europeo (2008\u00b72011). De otro lado, el proyedo nacional, titulado &#8220;Misiones de organizaciones internacionales en situaciones de conflicto o pos-conflicto: tipologia, derecho aplicable y responsabilidad&#8221;, financiado por el Ministerio de Ciencia e Innovaci\u00f3n (2010\u00b72012). La labor de los misiones de la UE en el exterior es muy importante, en la medida en que pueden ayudar o los Estados d\u00e9biles o fracosodos o mejorar su gobernabilidad, su inestabilidad y tambi\u00e9n la protecci\u00f3n de los derechos humanos y la igualdad entre hombres y mujeres. Partiendo de esto perspectiva, la obra analiza 29 misiones, aprobadas entre 2003 y 2013, y ubico das todos ellas en puntos geogr\u00f3ficos muy diferentes, pero en los que lo UE ha trabajado y sigue trabajando, a favor de la paz, lo seguridad y lo protecci\u00f3n del Estado de Derecho y los derechos humanos, con la finalidad de valorar de forma conjunta los principales retos y desaf\u00edos de lo UE en terreno, por un lado, as\u00ed como los fortalezas y aciertos de las misiones comunitarios. los misiones, en este sentido, tienen lo virtualidad de jugar un papel esencial en la mejora de la gobernanza, la seguridad y el Estado de Derecho, desde una \u00f3ptica global y regional; pera, adem\u00e1s, son uno de los factores clave que pueden ser determinantes en el desarrollo de una cultura de defensa entre los ciudadanos comunitarios que permita una Politica de Seguridad y Defensa sostenida y sostenible en el tiempo. El \u00e9xito de las misiones y la existencia de dicha cultura de defensa son, por tanto, dos variables estrat\u00e9gicos para que la UE pueda jugar su papel de actor internacional garante de la paz y la seguridad. De ahi, la oportunidad y novedad del tema de la investigaci\u00f3n.<\/p>\n","protected":false},"excerpt":{"rendered":"<p>Ainhoa Uribe Otalora Maison d&#8217;\u00e9dition Tirant lo Blanch R\u00e9sum\u00e9: La obra analiza el desarrollo de la Politica Exterior de Seguridad y Defensa de la Uni\u00f3n Europea (UE) desde el punto de vista de su papel como garante de la paz, los derechos humanos y el Estado de Derecho. El estudio es fruto de varios proyectos de investigaci\u00f3n. De un lado, el proyecto europeo de investigaci\u00f3n &#8220;Armed conflicts, Peacekeeping, Transnacional Justice:&hellip; <\/p>\n","protected":false},"author":3,"featured_media":15015,"comment_status":"open","ping_status":"closed","sticky":false,"template":"","format":"standard","meta":{"footnotes":""},"categories":[81,6,25],"tags":[],"class_list":["post-15014","post","type-post","status-publish","format-standard","has-post-thumbnail","hentry","category-espanol","category-livros","category-seguranca-publica-e-defesa"],"views":212,"_links":{"self":[{"href":"https:\/\/www.bibliotecadeseguranca.com.br\/fr\/wp-json\/wp\/v2\/posts\/15014","targetHints":{"allow":["GET"]}}],"collection":[{"href":"https:\/\/www.bibliotecadeseguranca.com.br\/fr\/wp-json\/wp\/v2\/posts"}],"about":[{"href":"https:\/\/www.bibliotecadeseguranca.com.br\/fr\/wp-json\/wp\/v2\/types\/post"}],"author":[{"embeddable":true,"href":"https:\/\/www.bibliotecadeseguranca.com.br\/fr\/wp-json\/wp\/v2\/users\/3"}],"replies":[{"embeddable":true,"href":"https:\/\/www.bibliotecadeseguranca.com.br\/fr\/wp-json\/wp\/v2\/comments?post=15014"}],"version-history":[{"count":1,"href":"https:\/\/www.bibliotecadeseguranca.com.br\/fr\/wp-json\/wp\/v2\/posts\/15014\/revisions"}],"predecessor-version":[{"id":15016,"href":"https:\/\/www.bibliotecadeseguranca.com.br\/fr\/wp-json\/wp\/v2\/posts\/15014\/revisions\/15016"}],"wp:featuredmedia":[{"embeddable":true,"href":"https:\/\/www.bibliotecadeseguranca.com.br\/fr\/wp-json\/wp\/v2\/media\/15015"}],"wp:attachment":[{"href":"https:\/\/www.bibliotecadeseguranca.com.br\/fr\/wp-json\/wp\/v2\/media?parent=15014"}],"wp:term":[{"taxonomy":"category","embeddable":true,"href":"https:\/\/www.bibliotecadeseguranca.com.br\/fr\/wp-json\/wp\/v2\/categories?post=15014"},{"taxonomy":"post_tag","embeddable":true,"href":"https:\/\/www.bibliotecadeseguranca.com.br\/fr\/wp-json\/wp\/v2\/tags?post=15014"}],"curies":[{"name":"wp","href":"https:\/\/api.w.org\/{rel}","templated":true}]}}