{"id":14998,"date":"2018-08-10T14:00:10","date_gmt":"2018-08-10T17:00:10","guid":{"rendered":"http:\/\/www.bibliotecadeseguranca.com.br\/fr\/?p=14998"},"modified":"2018-08-10T13:32:42","modified_gmt":"2018-08-10T16:32:42","slug":"referencial-basico-de-gestao-de-riscos","status":"publish","type":"post","link":"https:\/\/www.bibliotecadeseguranca.com.br\/fr\/livros\/referencial-basico-de-gestao-de-riscos\/","title":{"rendered":"Referencial b\u00e1sico de Gest\u00e3o de Riscos"},"content":{"rendered":"<p><span style=\"color: #003366;\"><strong><img loading=\"lazy\" decoding=\"async\" class=\"alignleft size-full wp-image-14999\" src=\"http:\/\/www.bibliotecadeseguranca.com.br\/fr\/wp-content\/uploads\/2018\/08\/referencial-basico-de-gestao-de-riscos.jpg\" alt=\"Referencial b\u00e1sico de Gest\u00e3o de Riscos\" width=\"145\" height=\"191\" srcset=\"https:\/\/www.bibliotecadeseguranca.com.br\/fr\/wp-content\/uploads\/2018\/08\/referencial-basico-de-gestao-de-riscos.jpg 145w, https:\/\/www.bibliotecadeseguranca.com.br\/fr\/wp-content\/uploads\/2018\/08\/referencial-basico-de-gestao-de-riscos-114x150.jpg 114w\" sizes=\"auto, (max-width: 145px) 100vw, 145px\" \/>Tribunal de Contas de Uni\u00e3o<\/strong><\/span><\/p>\n<p><span style=\"color: #003366;\"><strong>R\u00e9sum\u00e9:<\/strong><\/span> A sociedade anseia por uma administra\u00e7\u00e3o p\u00fablica \u00e1gil e eficiente, capaz de implementar pol\u00edticas e programas de governo que entreguem o melhor valor para a popula\u00e7\u00e3o.<br \/>\nTodavia, n\u00e3o raras vezes essas expectativas s\u00e3o frustradas e, ao se analisarem as causas por tr\u00e1s das dificuldades da administra\u00e7\u00e3o p\u00fablica em corresponder a esses anseios, depara-se n\u00e3o apenas com restri\u00e7\u00f5es or\u00e7ament\u00e1rias e defici\u00eancias de diferentes naturezas, mas principalmente com a baixa capacidade para lidar com riscos.<br \/>\nDiante desse cen\u00e1rio, a gest\u00e3o e o controle da aplica\u00e7\u00e3o dos recursos p\u00fablicos com base em risco t\u00eam sido recomenda\u00e7\u00f5es recorrentes deste Tribunal, conquanto reconhe\u00e7a o fato de ser um desafio para a gest\u00e3o das organiza\u00e7\u00f5es p\u00fablicas determinar o quanto de risco aceitar na busca do melhor valor para os cidad\u00e3os.<br \/>\nApesar de n\u00e3o ser nova a discuss\u00e3o sobre a necessidade de gerenciar riscos no setor p\u00fablico, isso ainda \u00e9 um paradigma a ser atingido. Persiste a necessidade n\u00e3o apenas de estruturas e processos, mas tamb\u00e9m de uma cultura de gerenciamento de riscos, a fim de contribuir para que a organiza\u00e7\u00e3o obtenha resultados com desempenho otimizado.<br \/>\nUm caminho para se atingir um elevado n\u00edvel de compromisso com a governan\u00e7a de riscos e sua considera\u00e7\u00e3o na defini\u00e7\u00e3o da estrat\u00e9gia e dos objetivos em todos os n\u00edveis da administra\u00e7\u00e3o p\u00fablica est\u00e1 claramente delineado na pol\u00edtica de governan\u00e7a estabelecida no Decreto 9.203\/2017, e tamb\u00e9m previsto no Projeto de Lei 9.163\/2017, ambos constru\u00eddos com a colabora\u00e7\u00e3o desta Corte de Contas.<br \/>\nAssim, \u00e9 com satisfa\u00e7\u00e3o que apresento o \u201cReferencial B\u00e1sico de Gest\u00e3o de Riscos\u201d, com o objetivo de prover orienta\u00e7\u00f5es t\u00e9cnicas aos respons\u00e1veis pela governan\u00e7a e gest\u00e3o das organiza\u00e7\u00f5es p\u00fablicas.<br \/>\nMinha expectativa \u2013 e a dos demais integrantes do Tribunal de Contas da Uni\u00e3o \u2013 \u00e9 que esta publica\u00e7\u00e3o seja \u00fatil na incorpora\u00e7\u00e3o de boas pr\u00e1ticas de gest\u00e3o de riscos nas institui\u00e7\u00f5es, com vistas a ajudar os gestores a implementar o novo marco regulat\u00f3rio da governan\u00e7a p\u00fablica.<\/p>\n<p><a href=\"http:\/\/www.bibliotecadeseguranca.com.br\/wp-content\/uploads\/2018\/08\/referencial-basico-de-gestao-de-riscos.pdf\" target=\"_blank\" rel=\"noopener\"><img loading=\"lazy\" decoding=\"async\" class=\"alignleft wp-image-12143 size-full\" src=\"http:\/\/www.bibliotecadeseguranca.com.br\/fr\/wp-content\/uploads\/2015\/03\/download_fr.gif\" alt=\"T\u00e9l\u00e9charger\" width=\"107\" height=\"25\" \/><\/a><\/p>\n","protected":false},"excerpt":{"rendered":"<p>Tribunal de Contas de Uni\u00e3o R\u00e9sum\u00e9: A sociedade anseia por uma administra\u00e7\u00e3o p\u00fablica \u00e1gil e eficiente, capaz de implementar pol\u00edticas e programas de governo que entreguem o melhor valor para a popula\u00e7\u00e3o. Todavia, n\u00e3o raras vezes essas expectativas s\u00e3o frustradas e, ao se analisarem as causas por tr\u00e1s das dificuldades da administra\u00e7\u00e3o p\u00fablica em corresponder a esses anseios, depara-se n\u00e3o apenas com restri\u00e7\u00f5es or\u00e7ament\u00e1rias e defici\u00eancias de diferentes naturezas, mas&hellip; <\/p>\n","protected":false},"author":3,"featured_media":14999,"comment_status":"open","ping_status":"closed","sticky":false,"template":"","format":"standard","meta":{"footnotes":""},"categories":[6,19,112],"tags":[],"class_list":["post-14998","post","type-post","status-publish","format-standard","has-post-thumbnail","hentry","category-livros","category-risco-e-perdas","category-download"],"views":541,"_links":{"self":[{"href":"https:\/\/www.bibliotecadeseguranca.com.br\/fr\/wp-json\/wp\/v2\/posts\/14998","targetHints":{"allow":["GET"]}}],"collection":[{"href":"https:\/\/www.bibliotecadeseguranca.com.br\/fr\/wp-json\/wp\/v2\/posts"}],"about":[{"href":"https:\/\/www.bibliotecadeseguranca.com.br\/fr\/wp-json\/wp\/v2\/types\/post"}],"author":[{"embeddable":true,"href":"https:\/\/www.bibliotecadeseguranca.com.br\/fr\/wp-json\/wp\/v2\/users\/3"}],"replies":[{"embeddable":true,"href":"https:\/\/www.bibliotecadeseguranca.com.br\/fr\/wp-json\/wp\/v2\/comments?post=14998"}],"version-history":[{"count":1,"href":"https:\/\/www.bibliotecadeseguranca.com.br\/fr\/wp-json\/wp\/v2\/posts\/14998\/revisions"}],"predecessor-version":[{"id":15000,"href":"https:\/\/www.bibliotecadeseguranca.com.br\/fr\/wp-json\/wp\/v2\/posts\/14998\/revisions\/15000"}],"wp:featuredmedia":[{"embeddable":true,"href":"https:\/\/www.bibliotecadeseguranca.com.br\/fr\/wp-json\/wp\/v2\/media\/14999"}],"wp:attachment":[{"href":"https:\/\/www.bibliotecadeseguranca.com.br\/fr\/wp-json\/wp\/v2\/media?parent=14998"}],"wp:term":[{"taxonomy":"category","embeddable":true,"href":"https:\/\/www.bibliotecadeseguranca.com.br\/fr\/wp-json\/wp\/v2\/categories?post=14998"},{"taxonomy":"post_tag","embeddable":true,"href":"https:\/\/www.bibliotecadeseguranca.com.br\/fr\/wp-json\/wp\/v2\/tags?post=14998"}],"curies":[{"name":"wp","href":"https:\/\/api.w.org\/{rel}","templated":true}]}}