{"id":14995,"date":"2018-08-09T14:00:56","date_gmt":"2018-08-09T17:00:56","guid":{"rendered":"http:\/\/www.bibliotecadeseguranca.com.br\/fr\/?p=14995"},"modified":"2018-08-09T13:50:04","modified_gmt":"2018-08-09T16:50:04","slug":"seguranca-publica-uma-inovacao-na-gestao","status":"publish","type":"post","link":"https:\/\/www.bibliotecadeseguranca.com.br\/fr\/livros\/seguranca-publica-uma-inovacao-na-gestao\/","title":{"rendered":"Seguran\u00e7a P\u00fablica: uma Inova\u00e7\u00e3o na Gest\u00e3o"},"content":{"rendered":"<p><span style=\"color: #003366;\"><strong><img loading=\"lazy\" decoding=\"async\" class=\"alignleft size-full wp-image-14996\" src=\"http:\/\/www.bibliotecadeseguranca.com.br\/fr\/wp-content\/uploads\/2018\/08\/seguranca-publica-uma-inovacao-na-gestao.jpg\" alt=\"Seguran\u00e7a P\u00fablica: uma Inova\u00e7\u00e3o na Gest\u00e3o\" width=\"145\" height=\"230\" srcset=\"https:\/\/www.bibliotecadeseguranca.com.br\/fr\/wp-content\/uploads\/2018\/08\/seguranca-publica-uma-inovacao-na-gestao.jpg 145w, https:\/\/www.bibliotecadeseguranca.com.br\/fr\/wp-content\/uploads\/2018\/08\/seguranca-publica-uma-inovacao-na-gestao-95x150.jpg 95w\" sizes=\"auto, (max-width: 145px) 100vw, 145px\" \/>Jos\u00e9 Carlos Pires<\/strong><\/span><\/p>\n<p><span style=\"color: #003366;\"><strong>Maison d&#8217;\u00e9dition Paco Editorial<\/strong><\/span><\/p>\n<p><span style=\"color: #003366;\"><strong>R\u00e9sum\u00e9:<\/strong><\/span> Este livro analisa a trajet\u00f3ria da Seguran\u00e7a P\u00fablica no Brasil, abordando o papel dos entes federados, Uni\u00e3o, Estados, Distrito Federal e Munic\u00edpios, suas ag\u00eancias, a necessidade da inova\u00e7\u00e3o na gest\u00e3o da Seguran\u00e7a P\u00fablica e a aplica\u00e7\u00e3o dos conceitos de integra\u00e7\u00e3o, intersetorialidade e cogest\u00e3o na \u00e1rea de Seguran\u00e7a P\u00fablica. Apresenta a experi\u00eancia do planejamento da Pol\u00edtica de Seguran\u00e7a P\u00fablica em Jundia\u00ed, com a constru\u00e7\u00e3o do Plano Municipal de Seguran\u00e7a P\u00fablica e Cidadania, a realiza\u00e7\u00e3o do F\u00f3rum de Seguran\u00e7a Integrada, o funcionamento do Gabinete de Gest\u00e3o Integrada e do Conselho Municipal de Seguran\u00e7a.<br \/>\nAponta para a necessidade da constru\u00e7\u00e3o de uma Pol\u00edtica Nacional de Seguran\u00e7a P\u00fablica, com a defini\u00e7\u00e3o de pap\u00e9is para cada ente federado e a pol\u00edtica de recursos para o perfeito financiamento. Ressalta, ainda, a import\u00e2ncia da regulamenta\u00e7\u00e3o do artigo 23 e altera\u00e7\u00e3o e regulamenta\u00e7\u00e3o do artigo 144 da Constitui\u00e7\u00e3o Federal de 1988, recepcionando a Lei 13022 de 2014.<\/p>\n","protected":false},"excerpt":{"rendered":"<p>Jos\u00e9 Carlos Pires Maison d&#8217;\u00e9dition Paco Editorial R\u00e9sum\u00e9: Este livro analisa a trajet\u00f3ria da Seguran\u00e7a P\u00fablica no Brasil, abordando o papel dos entes federados, Uni\u00e3o, Estados, Distrito Federal e Munic\u00edpios, suas ag\u00eancias, a necessidade da inova\u00e7\u00e3o na gest\u00e3o da Seguran\u00e7a P\u00fablica e a aplica\u00e7\u00e3o dos conceitos de integra\u00e7\u00e3o, intersetorialidade e cogest\u00e3o na \u00e1rea de Seguran\u00e7a P\u00fablica. Apresenta a experi\u00eancia do planejamento da Pol\u00edtica de Seguran\u00e7a P\u00fablica em Jundia\u00ed, com a&hellip; <\/p>\n","protected":false},"author":3,"featured_media":14996,"comment_status":"open","ping_status":"closed","sticky":false,"template":"","format":"standard","meta":{"footnotes":""},"categories":[6,25],"tags":[],"class_list":["post-14995","post","type-post","status-publish","format-standard","has-post-thumbnail","hentry","category-livros","category-seguranca-publica-e-defesa"],"views":108,"_links":{"self":[{"href":"https:\/\/www.bibliotecadeseguranca.com.br\/fr\/wp-json\/wp\/v2\/posts\/14995","targetHints":{"allow":["GET"]}}],"collection":[{"href":"https:\/\/www.bibliotecadeseguranca.com.br\/fr\/wp-json\/wp\/v2\/posts"}],"about":[{"href":"https:\/\/www.bibliotecadeseguranca.com.br\/fr\/wp-json\/wp\/v2\/types\/post"}],"author":[{"embeddable":true,"href":"https:\/\/www.bibliotecadeseguranca.com.br\/fr\/wp-json\/wp\/v2\/users\/3"}],"replies":[{"embeddable":true,"href":"https:\/\/www.bibliotecadeseguranca.com.br\/fr\/wp-json\/wp\/v2\/comments?post=14995"}],"version-history":[{"count":1,"href":"https:\/\/www.bibliotecadeseguranca.com.br\/fr\/wp-json\/wp\/v2\/posts\/14995\/revisions"}],"predecessor-version":[{"id":14997,"href":"https:\/\/www.bibliotecadeseguranca.com.br\/fr\/wp-json\/wp\/v2\/posts\/14995\/revisions\/14997"}],"wp:featuredmedia":[{"embeddable":true,"href":"https:\/\/www.bibliotecadeseguranca.com.br\/fr\/wp-json\/wp\/v2\/media\/14996"}],"wp:attachment":[{"href":"https:\/\/www.bibliotecadeseguranca.com.br\/fr\/wp-json\/wp\/v2\/media?parent=14995"}],"wp:term":[{"taxonomy":"category","embeddable":true,"href":"https:\/\/www.bibliotecadeseguranca.com.br\/fr\/wp-json\/wp\/v2\/categories?post=14995"},{"taxonomy":"post_tag","embeddable":true,"href":"https:\/\/www.bibliotecadeseguranca.com.br\/fr\/wp-json\/wp\/v2\/tags?post=14995"}],"curies":[{"name":"wp","href":"https:\/\/api.w.org\/{rel}","templated":true}]}}