{"id":14975,"date":"2018-08-02T14:00:57","date_gmt":"2018-08-02T17:00:57","guid":{"rendered":"http:\/\/www.bibliotecadeseguranca.com.br\/fr\/?p=14975"},"modified":"2018-08-02T13:28:41","modified_gmt":"2018-08-02T16:28:41","slug":"gestao-de-negocios","status":"publish","type":"post","link":"https:\/\/www.bibliotecadeseguranca.com.br\/fr\/livros\/gestao-de-negocios\/","title":{"rendered":"Gest\u00e3o de Neg\u00f3cios"},"content":{"rendered":"<p><span style=\"color: #003366;\"><strong><img loading=\"lazy\" decoding=\"async\" class=\"alignleft size-full wp-image-14976\" src=\"http:\/\/www.bibliotecadeseguranca.com.br\/fr\/wp-content\/uploads\/2018\/08\/gestao-de-negocios.jpg\" alt=\"Gest\u00e3o de Neg\u00f3cios\" width=\"145\" height=\"207\" srcset=\"https:\/\/www.bibliotecadeseguranca.com.br\/fr\/wp-content\/uploads\/2018\/08\/gestao-de-negocios.jpg 145w, https:\/\/www.bibliotecadeseguranca.com.br\/fr\/wp-content\/uploads\/2018\/08\/gestao-de-negocios-105x150.jpg 105w\" sizes=\"auto, (max-width: 145px) 100vw, 145px\" \/>Jayr Figueiredo de Oliveira, Edison Aur\u00e9lio da Silva<\/strong><\/span><\/p>\n<p><span style=\"color: #003366;\"><strong>Maison d&#8217;\u00e9dition Saraiva<\/strong><\/span><\/p>\n<p><span style=\"color: #003366;\"><strong>R\u00e9sum\u00e9:<\/strong><\/span> Este livro resgata a import\u00e2ncia da a\u00e7\u00e3o administrativa, al\u00e9m de temas relacionados \u00e0s evolu\u00e7\u00f5es administrativas no ambiente organizacional; a administra\u00e7\u00e3o no futuro; o planejamento; uma retrospectiva do pensamento administrativo; o processo de negocia\u00e7\u00e3o, entre outros assuntos.<\/p>\n","protected":false},"excerpt":{"rendered":"<p>Jayr Figueiredo de Oliveira, Edison Aur\u00e9lio da Silva Maison d&#8217;\u00e9dition Saraiva R\u00e9sum\u00e9: Este livro resgata a import\u00e2ncia da a\u00e7\u00e3o administrativa, al\u00e9m de temas relacionados \u00e0s evolu\u00e7\u00f5es administrativas no ambiente organizacional; a administra\u00e7\u00e3o no futuro; o planejamento; uma retrospectiva do pensamento administrativo; o processo de negocia\u00e7\u00e3o, entre outros assuntos.<\/p>\n","protected":false},"author":3,"featured_media":14976,"comment_status":"open","ping_status":"closed","sticky":false,"template":"","format":"standard","meta":{"footnotes":""},"categories":[14,6],"tags":[],"class_list":["post-14975","post","type-post","status-publish","format-standard","has-post-thumbnail","hentry","category-administracao-e-estrategia-empresarial","category-livros"],"views":170,"_links":{"self":[{"href":"https:\/\/www.bibliotecadeseguranca.com.br\/fr\/wp-json\/wp\/v2\/posts\/14975","targetHints":{"allow":["GET"]}}],"collection":[{"href":"https:\/\/www.bibliotecadeseguranca.com.br\/fr\/wp-json\/wp\/v2\/posts"}],"about":[{"href":"https:\/\/www.bibliotecadeseguranca.com.br\/fr\/wp-json\/wp\/v2\/types\/post"}],"author":[{"embeddable":true,"href":"https:\/\/www.bibliotecadeseguranca.com.br\/fr\/wp-json\/wp\/v2\/users\/3"}],"replies":[{"embeddable":true,"href":"https:\/\/www.bibliotecadeseguranca.com.br\/fr\/wp-json\/wp\/v2\/comments?post=14975"}],"version-history":[{"count":1,"href":"https:\/\/www.bibliotecadeseguranca.com.br\/fr\/wp-json\/wp\/v2\/posts\/14975\/revisions"}],"predecessor-version":[{"id":14977,"href":"https:\/\/www.bibliotecadeseguranca.com.br\/fr\/wp-json\/wp\/v2\/posts\/14975\/revisions\/14977"}],"wp:featuredmedia":[{"embeddable":true,"href":"https:\/\/www.bibliotecadeseguranca.com.br\/fr\/wp-json\/wp\/v2\/media\/14976"}],"wp:attachment":[{"href":"https:\/\/www.bibliotecadeseguranca.com.br\/fr\/wp-json\/wp\/v2\/media?parent=14975"}],"wp:term":[{"taxonomy":"category","embeddable":true,"href":"https:\/\/www.bibliotecadeseguranca.com.br\/fr\/wp-json\/wp\/v2\/categories?post=14975"},{"taxonomy":"post_tag","embeddable":true,"href":"https:\/\/www.bibliotecadeseguranca.com.br\/fr\/wp-json\/wp\/v2\/tags?post=14975"}],"curies":[{"name":"wp","href":"https:\/\/api.w.org\/{rel}","templated":true}]}}