{"id":14953,"date":"2018-07-23T14:00:51","date_gmt":"2018-07-23T17:00:51","guid":{"rendered":"http:\/\/www.bibliotecadeseguranca.com.br\/fr\/?p=14953"},"modified":"2018-07-23T12:44:07","modified_gmt":"2018-07-23T15:44:07","slug":"paraiso-armado-interpretacoes-da-violencia-no-rio-de-janeiro","status":"publish","type":"post","link":"https:\/\/www.bibliotecadeseguranca.com.br\/fr\/livros\/paraiso-armado-interpretacoes-da-violencia-no-rio-de-janeiro\/","title":{"rendered":"Para\u00edso Armado &#8211; Interpreta\u00e7\u00f5es da Viol\u00eancia no Rio de Janeiro"},"content":{"rendered":"<p><span style=\"color: #003366;\"><strong><img loading=\"lazy\" decoding=\"async\" class=\"alignleft size-full wp-image-14954\" src=\"http:\/\/www.bibliotecadeseguranca.com.br\/fr\/wp-content\/uploads\/2018\/07\/paraiso-armado-interpretacoes-da-violencia-no-rio-de-janeiro.jpg\" alt=\"Para\u00edso Armado - Interpreta\u00e7\u00f5es da Viol\u00eancia no Rio de Janeiro\" width=\"145\" height=\"220\" srcset=\"https:\/\/www.bibliotecadeseguranca.com.br\/fr\/wp-content\/uploads\/2018\/07\/paraiso-armado-interpretacoes-da-violencia-no-rio-de-janeiro.jpg 145w, https:\/\/www.bibliotecadeseguranca.com.br\/fr\/wp-content\/uploads\/2018\/07\/paraiso-armado-interpretacoes-da-violencia-no-rio-de-janeiro-99x150.jpg 99w\" sizes=\"auto, (max-width: 145px) 100vw, 145px\" \/>Aziz Filho<\/strong><\/span><\/p>\n<p><span style=\"color: #003366;\"><strong>Maison d&#8217;\u00e9dition Gar\u00e7oni<\/strong><\/span><\/p>\n<p><span style=\"color: #003366;\"><strong>R\u00e9sum\u00e9:<\/strong><\/span> O livro trata da escalada da criminalidade no Rio de Janeiro, ocorrida nos \u00faltimos 20 anos. Do confronto entre Comando Vermelho e o Terceiro Comando, at\u00e9 os atentados de Beira-Mar em Bangu I no ano passado, o livro apresenta reflex\u00f5es e a\u00e7\u00f5es de v\u00e1rios tipos que buscam solu\u00e7\u00f5es para o drama. S\u00e3o entrevistas reveladoras com 18 personagens estrat\u00e9gicas, entre eles Leonel Brizola, Moreira Franco, Marcello Alencar e Anthony Garotinho.<\/p>\n","protected":false},"excerpt":{"rendered":"<p>Aziz Filho Maison d&#8217;\u00e9dition Gar\u00e7oni R\u00e9sum\u00e9: O livro trata da escalada da criminalidade no Rio de Janeiro, ocorrida nos \u00faltimos 20 anos. Do confronto entre Comando Vermelho e o Terceiro Comando, at\u00e9 os atentados de Beira-Mar em Bangu I no ano passado, o livro apresenta reflex\u00f5es e a\u00e7\u00f5es de v\u00e1rios tipos que buscam solu\u00e7\u00f5es para o drama. S\u00e3o entrevistas reveladoras com 18 personagens estrat\u00e9gicas, entre eles Leonel Brizola, Moreira Franco,&hellip; <\/p>\n","protected":false},"author":3,"featured_media":14954,"comment_status":"open","ping_status":"closed","sticky":false,"template":"","format":"standard","meta":{"footnotes":""},"categories":[6,25],"tags":[],"class_list":["post-14953","post","type-post","status-publish","format-standard","has-post-thumbnail","hentry","category-livros","category-seguranca-publica-e-defesa"],"views":280,"_links":{"self":[{"href":"https:\/\/www.bibliotecadeseguranca.com.br\/fr\/wp-json\/wp\/v2\/posts\/14953","targetHints":{"allow":["GET"]}}],"collection":[{"href":"https:\/\/www.bibliotecadeseguranca.com.br\/fr\/wp-json\/wp\/v2\/posts"}],"about":[{"href":"https:\/\/www.bibliotecadeseguranca.com.br\/fr\/wp-json\/wp\/v2\/types\/post"}],"author":[{"embeddable":true,"href":"https:\/\/www.bibliotecadeseguranca.com.br\/fr\/wp-json\/wp\/v2\/users\/3"}],"replies":[{"embeddable":true,"href":"https:\/\/www.bibliotecadeseguranca.com.br\/fr\/wp-json\/wp\/v2\/comments?post=14953"}],"version-history":[{"count":1,"href":"https:\/\/www.bibliotecadeseguranca.com.br\/fr\/wp-json\/wp\/v2\/posts\/14953\/revisions"}],"predecessor-version":[{"id":14955,"href":"https:\/\/www.bibliotecadeseguranca.com.br\/fr\/wp-json\/wp\/v2\/posts\/14953\/revisions\/14955"}],"wp:featuredmedia":[{"embeddable":true,"href":"https:\/\/www.bibliotecadeseguranca.com.br\/fr\/wp-json\/wp\/v2\/media\/14954"}],"wp:attachment":[{"href":"https:\/\/www.bibliotecadeseguranca.com.br\/fr\/wp-json\/wp\/v2\/media?parent=14953"}],"wp:term":[{"taxonomy":"category","embeddable":true,"href":"https:\/\/www.bibliotecadeseguranca.com.br\/fr\/wp-json\/wp\/v2\/categories?post=14953"},{"taxonomy":"post_tag","embeddable":true,"href":"https:\/\/www.bibliotecadeseguranca.com.br\/fr\/wp-json\/wp\/v2\/tags?post=14953"}],"curies":[{"name":"wp","href":"https:\/\/api.w.org\/{rel}","templated":true}]}}