{"id":14919,"date":"2018-07-09T14:00:50","date_gmt":"2018-07-09T17:00:50","guid":{"rendered":"http:\/\/www.bibliotecadeseguranca.com.br\/fr\/?p=14919"},"modified":"2018-07-09T12:51:41","modified_gmt":"2018-07-09T15:51:41","slug":"repressao-penal-e-crime-organizado","status":"publish","type":"post","link":"https:\/\/www.bibliotecadeseguranca.com.br\/fr\/livros\/repressao-penal-e-crime-organizado\/","title":{"rendered":"Repress\u00e3o Penal e Crime Organizado"},"content":{"rendered":"<p><span style=\"color: #003366;\"><strong><img loading=\"lazy\" decoding=\"async\" class=\"alignleft size-full wp-image-14920\" src=\"http:\/\/www.bibliotecadeseguranca.com.br\/fr\/wp-content\/uploads\/2018\/07\/repressao-penal-e-crime-organizado.jpg\" alt=\"Repress\u00e3o Penal e Crime Organizado\" width=\"145\" height=\"218\" srcset=\"https:\/\/www.bibliotecadeseguranca.com.br\/fr\/wp-content\/uploads\/2018\/07\/repressao-penal-e-crime-organizado.jpg 145w, https:\/\/www.bibliotecadeseguranca.com.br\/fr\/wp-content\/uploads\/2018\/07\/repressao-penal-e-crime-organizado-100x150.jpg 100w\" sizes=\"auto, (max-width: 145px) 100vw, 145px\" \/>Lu\u00eds Geraldo Sant&#8217;Ana Lanfredi, Ot\u00e1vio Augusto de Almeida Toledo, Luciano Nascimento Silva, Luciano Anderson de Souza<\/strong><\/span><\/p>\n<p><span style=\"color: #003366;\"><strong>Maison d&#8217;\u00e9dition Quartier Latin<\/strong><\/span><\/p>\n<p><span style=\"color: #003366;\"><strong>R\u00e9sum\u00e9:<\/strong><\/span> Repress\u00e3o Penal e Crime Organizado &#8211; Os novos rumos da pol\u00edtica criminal ap\u00f3s o 11 de setembro tem como coordenadores por Lu\u00eds Geraldo Sant&#8217;Ana Lanfredi, Ot\u00e1vio Augusto de Almeida Toledo, Luciano Nascimento Silva e Luciano Anderson de Souza. Esta obra apresenta nove artigos de variados autores, resultantes do Semin\u00e1rio &#8216;Di\u00e1logos Internacionais de Direito e Processo Penal&#8217; &#8211; Os rumos da pol\u00edtica criminal cinco anos depois do 11 de Setembro, realizado em 2006. Os textos abordam, essencialmente, o fen\u00f4meno dual da criminalidade hodierna &#8211; o terrorismo e a criminalidade organizada, potencializados ap\u00f3s o 11 de setembro de 2001.<\/p>\n","protected":false},"excerpt":{"rendered":"<p>Lu\u00eds Geraldo Sant&#8217;Ana Lanfredi, Ot\u00e1vio Augusto de Almeida Toledo, Luciano Nascimento Silva, Luciano Anderson de Souza Maison d&#8217;\u00e9dition Quartier Latin R\u00e9sum\u00e9: Repress\u00e3o Penal e Crime Organizado &#8211; Os novos rumos da pol\u00edtica criminal ap\u00f3s o 11 de setembro tem como coordenadores por Lu\u00eds Geraldo Sant&#8217;Ana Lanfredi, Ot\u00e1vio Augusto de Almeida Toledo, Luciano Nascimento Silva e Luciano Anderson de Souza. Esta obra apresenta nove artigos de variados autores, resultantes do Semin\u00e1rio&hellip; <\/p>\n","protected":false},"author":3,"featured_media":14920,"comment_status":"open","ping_status":"closed","sticky":false,"template":"","format":"standard","meta":{"footnotes":""},"categories":[10,6,25],"tags":[],"class_list":["post-14919","post","type-post","status-publish","format-standard","has-post-thumbnail","hentry","category-crime-violencia-e-criminologia","category-livros","category-seguranca-publica-e-defesa"],"views":323,"_links":{"self":[{"href":"https:\/\/www.bibliotecadeseguranca.com.br\/fr\/wp-json\/wp\/v2\/posts\/14919","targetHints":{"allow":["GET"]}}],"collection":[{"href":"https:\/\/www.bibliotecadeseguranca.com.br\/fr\/wp-json\/wp\/v2\/posts"}],"about":[{"href":"https:\/\/www.bibliotecadeseguranca.com.br\/fr\/wp-json\/wp\/v2\/types\/post"}],"author":[{"embeddable":true,"href":"https:\/\/www.bibliotecadeseguranca.com.br\/fr\/wp-json\/wp\/v2\/users\/3"}],"replies":[{"embeddable":true,"href":"https:\/\/www.bibliotecadeseguranca.com.br\/fr\/wp-json\/wp\/v2\/comments?post=14919"}],"version-history":[{"count":1,"href":"https:\/\/www.bibliotecadeseguranca.com.br\/fr\/wp-json\/wp\/v2\/posts\/14919\/revisions"}],"predecessor-version":[{"id":14921,"href":"https:\/\/www.bibliotecadeseguranca.com.br\/fr\/wp-json\/wp\/v2\/posts\/14919\/revisions\/14921"}],"wp:featuredmedia":[{"embeddable":true,"href":"https:\/\/www.bibliotecadeseguranca.com.br\/fr\/wp-json\/wp\/v2\/media\/14920"}],"wp:attachment":[{"href":"https:\/\/www.bibliotecadeseguranca.com.br\/fr\/wp-json\/wp\/v2\/media?parent=14919"}],"wp:term":[{"taxonomy":"category","embeddable":true,"href":"https:\/\/www.bibliotecadeseguranca.com.br\/fr\/wp-json\/wp\/v2\/categories?post=14919"},{"taxonomy":"post_tag","embeddable":true,"href":"https:\/\/www.bibliotecadeseguranca.com.br\/fr\/wp-json\/wp\/v2\/tags?post=14919"}],"curies":[{"name":"wp","href":"https:\/\/api.w.org\/{rel}","templated":true}]}}