{"id":14906,"date":"2018-07-03T14:00:22","date_gmt":"2018-07-03T17:00:22","guid":{"rendered":"http:\/\/www.bibliotecadeseguranca.com.br\/fr\/?p=14906"},"modified":"2018-07-03T13:01:13","modified_gmt":"2018-07-03T16:01:13","slug":"crime-organizado-origens-desenvolvimento-e-reflexos-juridicos","status":"publish","type":"post","link":"https:\/\/www.bibliotecadeseguranca.com.br\/fr\/livros\/crime-organizado-origens-desenvolvimento-e-reflexos-juridicos\/","title":{"rendered":"Crime Organizado &#8211; Origens, Desenvolvimento e Reflexos Jur\u00eddicos"},"content":{"rendered":"<p><span style=\"color: #003366;\"><strong><img loading=\"lazy\" decoding=\"async\" class=\"alignleft size-full wp-image-14907\" src=\"http:\/\/www.bibliotecadeseguranca.com.br\/fr\/wp-content\/uploads\/2018\/07\/crime-organizado-origens-desenvolvimento-e-reflexos-juridicos.jpg\" alt=\"Crime Organizado - Origens, Desenvolvimento e Reflexos Jur\u00eddicos\" width=\"145\" height=\"206\" srcset=\"https:\/\/www.bibliotecadeseguranca.com.br\/fr\/wp-content\/uploads\/2018\/07\/crime-organizado-origens-desenvolvimento-e-reflexos-juridicos.jpg 145w, https:\/\/www.bibliotecadeseguranca.com.br\/fr\/wp-content\/uploads\/2018\/07\/crime-organizado-origens-desenvolvimento-e-reflexos-juridicos-106x150.jpg 106w\" sizes=\"auto, (max-width: 145px) 100vw, 145px\" \/>\u00c2ngelo Fernando Facciolli<\/strong><\/span><\/p>\n<p><span style=\"color: #003366;\"><strong>Maison d&#8217;\u00e9dition Juru\u00e1<\/strong><\/span><\/p>\n<p><span style=\"color: #003366;\"><strong>R\u00e9sum\u00e9:<\/strong><\/span> O livro faz uma abordagem diferenciada sobre este tema, o qual se encontra em constante estado de mudan\u00e7a e transforma\u00e7\u00e3o. O crime organizado ind\u00edgena possui v\u00ednculos profundos com os fatores psicossociais que moldam o cidad\u00e3o brasileiro, portanto, confunde-se com alguns costumes e h\u00e1bitos desenvolvidos pelo nosso povo, ao longo dos \u00faltimos s\u00e9culos.<\/p>\n<p>O primeiro diferencial da obra diz respeito \u00e0 abordagem do tema de forma ampla, dentro de uma vis\u00e3o hist\u00f3rica, evolutiva, per\u00admitindo ao leitor identificar os diversos est\u00e1gios de muta\u00e7\u00e3o so\u00adcial. Dentro de uma perspectiva \u00e9tico-moral, o autor apresenta a criminalidade, vista pelas principais religi\u00f5es do mundo, bem as\u00adsim pelas pr\u00f3prias organiza\u00e7\u00f5es que promovem a delinqu\u00eancia.<\/p>\n<p>Permite, tamb\u00e9m, analisar e estudar o tema sobre a \u00f3tica dos conflitos assim\u00e9tricos de 4\u00aa gera\u00e7\u00e3o, inserindo-o no Direito In\u00adternacional Humanit\u00e1rio (DIH), aproximando dos movimentos armados do s\u00e9c. XX e XXI. Como fonte de conhecimento e apro\u00adfundamento jur\u00eddico, a obra traz a Lei 12.850\/2013 comentada, artigo por artigo, com extensa refer\u00eancia \u00e0 doutrina e ampla ju\u00adrisprud\u00eancia.<\/p>\n<p>Houve importante preocupa\u00e7\u00e3o do autor em esgotar o assunto aproximando-o do direito constitucional, do direito penal-pro\u00adcessual penal e do direito administrativo. Cabe, ainda, apontar a abordagem feita visando enumerar e identificar a miss\u00e3o de cada uma das estruturas administrativas, jur\u00eddicas e operacionais \u00e0 disposi\u00e7\u00e3o das autoridades governamentais, dentro das tr\u00eas esferas de poder, com compet\u00eancia legal e preparo para en\u00adfrentamento \u00e0s organiza\u00e7\u00f5es criminosas.<\/p>\n","protected":false},"excerpt":{"rendered":"<p>\u00c2ngelo Fernando Facciolli Maison d&#8217;\u00e9dition Juru\u00e1 R\u00e9sum\u00e9: O livro faz uma abordagem diferenciada sobre este tema, o qual se encontra em constante estado de mudan\u00e7a e transforma\u00e7\u00e3o. O crime organizado ind\u00edgena possui v\u00ednculos profundos com os fatores psicossociais que moldam o cidad\u00e3o brasileiro, portanto, confunde-se com alguns costumes e h\u00e1bitos desenvolvidos pelo nosso povo, ao longo dos \u00faltimos s\u00e9culos. O primeiro diferencial da obra diz respeito \u00e0 abordagem do tema&hellip; <\/p>\n","protected":false},"author":3,"featured_media":14907,"comment_status":"open","ping_status":"closed","sticky":false,"template":"","format":"standard","meta":{"footnotes":""},"categories":[10,6,25],"tags":[],"class_list":["post-14906","post","type-post","status-publish","format-standard","has-post-thumbnail","hentry","category-crime-violencia-e-criminologia","category-livros","category-seguranca-publica-e-defesa"],"views":211,"_links":{"self":[{"href":"https:\/\/www.bibliotecadeseguranca.com.br\/fr\/wp-json\/wp\/v2\/posts\/14906","targetHints":{"allow":["GET"]}}],"collection":[{"href":"https:\/\/www.bibliotecadeseguranca.com.br\/fr\/wp-json\/wp\/v2\/posts"}],"about":[{"href":"https:\/\/www.bibliotecadeseguranca.com.br\/fr\/wp-json\/wp\/v2\/types\/post"}],"author":[{"embeddable":true,"href":"https:\/\/www.bibliotecadeseguranca.com.br\/fr\/wp-json\/wp\/v2\/users\/3"}],"replies":[{"embeddable":true,"href":"https:\/\/www.bibliotecadeseguranca.com.br\/fr\/wp-json\/wp\/v2\/comments?post=14906"}],"version-history":[{"count":1,"href":"https:\/\/www.bibliotecadeseguranca.com.br\/fr\/wp-json\/wp\/v2\/posts\/14906\/revisions"}],"predecessor-version":[{"id":14908,"href":"https:\/\/www.bibliotecadeseguranca.com.br\/fr\/wp-json\/wp\/v2\/posts\/14906\/revisions\/14908"}],"wp:featuredmedia":[{"embeddable":true,"href":"https:\/\/www.bibliotecadeseguranca.com.br\/fr\/wp-json\/wp\/v2\/media\/14907"}],"wp:attachment":[{"href":"https:\/\/www.bibliotecadeseguranca.com.br\/fr\/wp-json\/wp\/v2\/media?parent=14906"}],"wp:term":[{"taxonomy":"category","embeddable":true,"href":"https:\/\/www.bibliotecadeseguranca.com.br\/fr\/wp-json\/wp\/v2\/categories?post=14906"},{"taxonomy":"post_tag","embeddable":true,"href":"https:\/\/www.bibliotecadeseguranca.com.br\/fr\/wp-json\/wp\/v2\/tags?post=14906"}],"curies":[{"name":"wp","href":"https:\/\/api.w.org\/{rel}","templated":true}]}}