{"id":14896,"date":"2018-06-29T14:00:17","date_gmt":"2018-06-29T17:00:17","guid":{"rendered":"http:\/\/www.bibliotecadeseguranca.com.br\/fr\/?p=14896"},"modified":"2018-06-29T13:21:28","modified_gmt":"2018-06-29T16:21:28","slug":"mapeamento-da-base-industrial-de-defesa","status":"publish","type":"post","link":"https:\/\/www.bibliotecadeseguranca.com.br\/fr\/livros\/mapeamento-da-base-industrial-de-defesa\/","title":{"rendered":"Mapeamento da Base Industrial de Defesa"},"content":{"rendered":"<p><span style=\"color: #003366;\"><strong><img loading=\"lazy\" decoding=\"async\" class=\"alignleft size-full wp-image-14897\" src=\"http:\/\/www.bibliotecadeseguranca.com.br\/fr\/wp-content\/uploads\/2018\/06\/mapeamento-da-base-industrial-de-defesa.jpg\" alt=\"Mapeamento da Base Industrial de Defesa\" width=\"145\" height=\"203\" srcset=\"https:\/\/www.bibliotecadeseguranca.com.br\/fr\/wp-content\/uploads\/2018\/06\/mapeamento-da-base-industrial-de-defesa.jpg 145w, https:\/\/www.bibliotecadeseguranca.com.br\/fr\/wp-content\/uploads\/2018\/06\/mapeamento-da-base-industrial-de-defesa-107x150.jpg 107w\" sizes=\"auto, (max-width: 145px) 100vw, 145px\" \/>Ana Carolina Aguilera Negrete, Alixandro Werneck Leite, Ariela Cordeiro Leske, Eduardo Xavier Ferreira Migon, Fernanda das Gra\u00e7as C\u00f4rrea, Israel de Oliveira Andrade, Jonathan de Araujo de Assis, Juliano Melquiades Vianello, Marcos Jos\u00e9 Barbieri Ferreira, Patr\u00edcia de Oliveira Matos e Vitelio<\/strong><\/span><\/p>\n<p><span style=\"color: #003366;\"><strong>Maison d&#8217;\u00e9dition ABDI \/ IPEA<\/strong><\/span><\/p>\n<p><span style=\"color: #003366;\"><strong>R\u00e9sum\u00e9:<\/strong><\/span> Ao longo da \u00faltima d\u00e9cada, o setor de defesa tem conquistado um espa\u00e7o relevante na pauta das pol\u00edticas p\u00fablicas do governo brasileiro. E, como parte desse avan\u00e7o, a Ag\u00eancia Brasileira de Desenvolvimento Industrial (ABDI) e o Instituto e Pesquisa Econ\u00f4mica Aplicada (IPEA) desenvolveram em parceria o Mapeamento da Base Industrial de Defesa, que traz um conjunto de informa\u00e7\u00f5es estrat\u00e9gias para o setor. O objetivo deste trabalho \u00e9 permitir uma vis\u00e3o sist\u00eamica da competitividade, da capacidade produtiva e tecnol\u00f3gica e de inova\u00e7\u00e3o das empresas da Base Industrial de Defesa (BID), oferecendo assim novos elementos para o planejamento de medidas mais eficientes e baseadas em evid\u00eancias.<\/p>\n<p><a href=\"http:\/\/www.bibliotecadeseguranca.com.br\/wp-content\/uploads\/2018\/06\/livro_mapeamento_defesa.pdf\" target=\"_blank\" rel=\"noopener\"><img loading=\"lazy\" decoding=\"async\" class=\"alignleft wp-image-12143 size-full\" src=\"http:\/\/www.bibliotecadeseguranca.com.br\/fr\/wp-content\/uploads\/2015\/03\/download_fr.gif\" alt=\"T\u00e9l\u00e9charger\" width=\"107\" height=\"25\" \/><\/a><\/p>\n","protected":false},"excerpt":{"rendered":"<p>Ana Carolina Aguilera Negrete, Alixandro Werneck Leite, Ariela Cordeiro Leske, Eduardo Xavier Ferreira Migon, Fernanda das Gra\u00e7as C\u00f4rrea, Israel de Oliveira Andrade, Jonathan de Araujo de Assis, Juliano Melquiades Vianello, Marcos Jos\u00e9 Barbieri Ferreira, Patr\u00edcia de Oliveira Matos e Vitelio Maison d&#8217;\u00e9dition ABDI \/ IPEA R\u00e9sum\u00e9: Ao longo da \u00faltima d\u00e9cada, o setor de defesa tem conquistado um espa\u00e7o relevante na pauta das pol\u00edticas p\u00fablicas do governo brasileiro. E, como&hellip; <\/p>\n","protected":false},"author":3,"featured_media":14897,"comment_status":"open","ping_status":"closed","sticky":false,"template":"","format":"standard","meta":{"footnotes":""},"categories":[6,25,112],"tags":[],"class_list":["post-14896","post","type-post","status-publish","format-standard","has-post-thumbnail","hentry","category-livros","category-seguranca-publica-e-defesa","category-download"],"views":670,"_links":{"self":[{"href":"https:\/\/www.bibliotecadeseguranca.com.br\/fr\/wp-json\/wp\/v2\/posts\/14896","targetHints":{"allow":["GET"]}}],"collection":[{"href":"https:\/\/www.bibliotecadeseguranca.com.br\/fr\/wp-json\/wp\/v2\/posts"}],"about":[{"href":"https:\/\/www.bibliotecadeseguranca.com.br\/fr\/wp-json\/wp\/v2\/types\/post"}],"author":[{"embeddable":true,"href":"https:\/\/www.bibliotecadeseguranca.com.br\/fr\/wp-json\/wp\/v2\/users\/3"}],"replies":[{"embeddable":true,"href":"https:\/\/www.bibliotecadeseguranca.com.br\/fr\/wp-json\/wp\/v2\/comments?post=14896"}],"version-history":[{"count":1,"href":"https:\/\/www.bibliotecadeseguranca.com.br\/fr\/wp-json\/wp\/v2\/posts\/14896\/revisions"}],"predecessor-version":[{"id":14898,"href":"https:\/\/www.bibliotecadeseguranca.com.br\/fr\/wp-json\/wp\/v2\/posts\/14896\/revisions\/14898"}],"wp:featuredmedia":[{"embeddable":true,"href":"https:\/\/www.bibliotecadeseguranca.com.br\/fr\/wp-json\/wp\/v2\/media\/14897"}],"wp:attachment":[{"href":"https:\/\/www.bibliotecadeseguranca.com.br\/fr\/wp-json\/wp\/v2\/media?parent=14896"}],"wp:term":[{"taxonomy":"category","embeddable":true,"href":"https:\/\/www.bibliotecadeseguranca.com.br\/fr\/wp-json\/wp\/v2\/categories?post=14896"},{"taxonomy":"post_tag","embeddable":true,"href":"https:\/\/www.bibliotecadeseguranca.com.br\/fr\/wp-json\/wp\/v2\/tags?post=14896"}],"curies":[{"name":"wp","href":"https:\/\/api.w.org\/{rel}","templated":true}]}}