{"id":14889,"date":"2018-06-26T14:00:12","date_gmt":"2018-06-26T17:00:12","guid":{"rendered":"http:\/\/www.bibliotecadeseguranca.com.br\/fr\/?p=14889"},"modified":"2018-06-26T12:18:32","modified_gmt":"2018-06-26T15:18:32","slug":"lei-das-armas-de-fogo","status":"publish","type":"post","link":"https:\/\/www.bibliotecadeseguranca.com.br\/fr\/livros\/lei-das-armas-de-fogo\/","title":{"rendered":"Lei das Armas de Fogo"},"content":{"rendered":"<p><span style=\"color: #003366;\"><strong><img loading=\"lazy\" decoding=\"async\" class=\"alignleft size-full wp-image-14890\" src=\"http:\/\/www.bibliotecadeseguranca.com.br\/fr\/wp-content\/uploads\/2018\/06\/lei-das-armas-de-fogo.jpg\" alt=\"Lei das Armas de Fogo\" width=\"145\" height=\"206\" srcset=\"https:\/\/www.bibliotecadeseguranca.com.br\/fr\/wp-content\/uploads\/2018\/06\/lei-das-armas-de-fogo.jpg 145w, https:\/\/www.bibliotecadeseguranca.com.br\/fr\/wp-content\/uploads\/2018\/06\/lei-das-armas-de-fogo-106x150.jpg 106w\" sizes=\"auto, (max-width: 145px) 100vw, 145px\" \/>\u00c2ngelo Fernando Facciolli<\/strong><\/span><\/p>\n<p><span style=\"color: #003366;\"><strong>Maison d&#8217;\u00e9dition Juru\u00e1<\/strong><\/span><\/p>\n<p><span style=\"color: #003366;\"><strong>R\u00e9sum\u00e9:<\/strong><\/span> Trata-se de obra in\u00e9dita, dentro do acervo liter\u00e1rio publicado existente no Brasil, at\u00e9 a presente data. Re\u00fane aspectos doutrin\u00e1rios, hist\u00f3ricos, legais, t\u00e1ticos e estrat\u00e9gicos envolvendo o tema terrorismo, dentro de uma abordagem inteligente, objetiva e did\u00e1tica.<\/p>\n<p>O autor analisa o terrorismo dentro da realidade nacional, destacando sua evolu\u00e7\u00e3o ao longo de todo o per\u00edodo de exist\u00eancia da na\u00e7\u00e3o brasileira, estabelecendo v\u00ednculos \u2013 liga\u00e7\u00f5es \u2013 internos e externos, dessa diferenciada forma de viol\u00eancia moderna. Assim, a leitura da obra torna-se apraz\u00edvel, envolvente e esclarecedora.<\/p>\n<p>Produto liter\u00e1rio indispens\u00e1vel \u00e0queles que tratam direta ou indiretamente com a tem\u00e1tica, tais como: membros da Magistratura, Minist\u00e9rio P\u00fablico, Delegados de Pol\u00edcia, integrantes dos \u00f3rg\u00e3os de intelig\u00eancia da Uni\u00e3o e dos Estados, policiais civis e militares, militares das For\u00e7as Armadas, diplomatas, estudantes dos cursos de gradua\u00e7\u00e3o e p\u00f3s-gradua\u00e7\u00e3o dos Cursos de Seguran\u00e7a P\u00fablica, Rela\u00e7\u00f5es Internacionais, Defesa\/Estrat\u00e9gia e Ci\u00eancias Jur\u00eddicas.<\/p>\n<p>Acompanha o trabalho farta jurisprud\u00eancia nacional \u2013 Constitui\u00e7\u00e3o Federal, Leis, Decretos, que envolvem o fen\u00f4meno terrorista, em todas as fases da obra, independente da meticulosa abordagem legal \u2013 coment\u00e1rios \u00e0 Lei no 13.260, de 2016 (Lei Antiterror).<\/p>\n","protected":false},"excerpt":{"rendered":"<p>\u00c2ngelo Fernando Facciolli Maison d&#8217;\u00e9dition Juru\u00e1 R\u00e9sum\u00e9: Trata-se de obra in\u00e9dita, dentro do acervo liter\u00e1rio publicado existente no Brasil, at\u00e9 a presente data. Re\u00fane aspectos doutrin\u00e1rios, hist\u00f3ricos, legais, t\u00e1ticos e estrat\u00e9gicos envolvendo o tema terrorismo, dentro de uma abordagem inteligente, objetiva e did\u00e1tica. O autor analisa o terrorismo dentro da realidade nacional, destacando sua evolu\u00e7\u00e3o ao longo de todo o per\u00edodo de exist\u00eancia da na\u00e7\u00e3o brasileira, estabelecendo v\u00ednculos \u2013 liga\u00e7\u00f5es&hellip; <\/p>\n","protected":false},"author":3,"featured_media":14890,"comment_status":"open","ping_status":"closed","sticky":false,"template":"","format":"standard","meta":{"footnotes":""},"categories":[6,25],"tags":[],"class_list":["post-14889","post","type-post","status-publish","format-standard","has-post-thumbnail","hentry","category-livros","category-seguranca-publica-e-defesa"],"views":185,"_links":{"self":[{"href":"https:\/\/www.bibliotecadeseguranca.com.br\/fr\/wp-json\/wp\/v2\/posts\/14889","targetHints":{"allow":["GET"]}}],"collection":[{"href":"https:\/\/www.bibliotecadeseguranca.com.br\/fr\/wp-json\/wp\/v2\/posts"}],"about":[{"href":"https:\/\/www.bibliotecadeseguranca.com.br\/fr\/wp-json\/wp\/v2\/types\/post"}],"author":[{"embeddable":true,"href":"https:\/\/www.bibliotecadeseguranca.com.br\/fr\/wp-json\/wp\/v2\/users\/3"}],"replies":[{"embeddable":true,"href":"https:\/\/www.bibliotecadeseguranca.com.br\/fr\/wp-json\/wp\/v2\/comments?post=14889"}],"version-history":[{"count":1,"href":"https:\/\/www.bibliotecadeseguranca.com.br\/fr\/wp-json\/wp\/v2\/posts\/14889\/revisions"}],"predecessor-version":[{"id":14891,"href":"https:\/\/www.bibliotecadeseguranca.com.br\/fr\/wp-json\/wp\/v2\/posts\/14889\/revisions\/14891"}],"wp:featuredmedia":[{"embeddable":true,"href":"https:\/\/www.bibliotecadeseguranca.com.br\/fr\/wp-json\/wp\/v2\/media\/14890"}],"wp:attachment":[{"href":"https:\/\/www.bibliotecadeseguranca.com.br\/fr\/wp-json\/wp\/v2\/media?parent=14889"}],"wp:term":[{"taxonomy":"category","embeddable":true,"href":"https:\/\/www.bibliotecadeseguranca.com.br\/fr\/wp-json\/wp\/v2\/categories?post=14889"},{"taxonomy":"post_tag","embeddable":true,"href":"https:\/\/www.bibliotecadeseguranca.com.br\/fr\/wp-json\/wp\/v2\/tags?post=14889"}],"curies":[{"name":"wp","href":"https:\/\/api.w.org\/{rel}","templated":true}]}}