{"id":14886,"date":"2018-06-25T14:00:00","date_gmt":"2018-06-25T17:00:00","guid":{"rendered":"http:\/\/www.bibliotecadeseguranca.com.br\/fr\/?p=14886"},"modified":"2018-06-25T11:54:21","modified_gmt":"2018-06-25T14:54:21","slug":"revista-fenavist-ano-xv-n-28-abril-de-2018","status":"publish","type":"post","link":"https:\/\/www.bibliotecadeseguranca.com.br\/fr\/periodicos-de-seguranca\/revista-fenavist-ano-xv-n-28-abril-de-2018\/","title":{"rendered":"Revista Fenavist \u2013 Ano XV \u2013 N 28 \u2013 Abril de 2018"},"content":{"rendered":"<p><span style=\"color: #003366;\"><strong><img loading=\"lazy\" decoding=\"async\" class=\"alignleft size-full wp-image-14887\" src=\"http:\/\/www.bibliotecadeseguranca.com.br\/fr\/wp-content\/uploads\/2018\/06\/edicao-28-revista-fenavist-abril-2018.jpg\" alt=\"Revista Fenavist \u2013 Ano XV \u2013 N 28 \u2013 Abril de 2018\" width=\"145\" height=\"195\" srcset=\"https:\/\/www.bibliotecadeseguranca.com.br\/fr\/wp-content\/uploads\/2018\/06\/edicao-28-revista-fenavist-abril-2018.jpg 145w, https:\/\/www.bibliotecadeseguranca.com.br\/fr\/wp-content\/uploads\/2018\/06\/edicao-28-revista-fenavist-abril-2018-112x150.jpg 112w\" sizes=\"auto, (max-width: 145px) 100vw, 145px\" \/>R\u00e9sum\u00e9:<\/strong><\/span> Uni\u00e3o para vencer a crise<\/p>\n<p>Pelo terceiro ano consecutivo, a diferen\u00e7a entre contrata\u00e7\u00f5es e demiss\u00f5es na seguran\u00e7a privada terminou no vermelho. Para 2018, mesmo com alguns sinais de que a economia pode voltar a crescer de forma mais aquecida, precisamos ter os p\u00e9s no ch\u00e3o. N\u00e3o podemos pensar de forma imediatista. Necessitamos de vis\u00e3o de longo prazo, tomar decis\u00f5es que n\u00e3o signifiquem um al\u00edvio passageiro, mas um rem\u00e9dio eficaz contra a crise.<\/p>\n<p>O Estatuto da Federa\u00e7\u00e3o Nacional das Empresas de Seguran\u00e7a e Transporte de Valores (Fenavist) \u00e9 cristalino ao definir a miss\u00e3o da entidade: cabe \u00e0 Fenavist \u201cAssegurar \u00e0s atividades de seguran\u00e7a privada melhores condi\u00e7\u00f5es para gerar resultados positivos e contribuir para o desenvolvimento da sociedade\u201d.<\/p>\n<p>Em um momento de crise, essa miss\u00e3o se torna ainda mais importante. Nesse contexto, a Federa\u00e7\u00e3o tem aprimorado, expandido e fortalecido o Projeto Fenavist Neg\u00f3cios nos \u00faltimos anos. Individualmente nossas empresas s\u00e3o fortes, mas unidas s\u00e3o quase imbat\u00edveis.<\/p>\n<p>Respons\u00e1vel por representar mais de 2.500 empresas e os sindicatos que atuam em favor da atividade em todas as unidades da Federa\u00e7\u00e3o, a Fenavist consegue negociar produtos e servi\u00e7os essenciais para as empresas de seguran\u00e7a privada com pre\u00e7o, qualidade e custo operacional extremamente vantajosos. E o que \u00e9 melhor, qualquer empresa, independentemente do faturamento, n\u00famero de funcion\u00e1rios ou regi\u00e3o do Pa\u00eds tem acesso a iguais condi\u00e7\u00f5es e valores.<\/p>\n<p>Ao aderir ao Projeto Fenavist Neg\u00f3cios, voc\u00ea tem uma grande oportunidade de reduzir os custos operacionais da sua empresa, al\u00e9m de proporcionar produtos e servi\u00e7os de alta qualidade para os trabalhadores, que, no setor de setor de servi\u00e7os, s\u00e3o imprescind\u00edveis. Voc\u00ea tamb\u00e9m contribuir\u00e1 para o fortalecimento da atividade e autossufici\u00eancia dos sindicatos e da Federa\u00e7\u00e3o.<\/p>\n<p>Nossa uni\u00e3o \u00e9 o caminho para vencer os obst\u00e1culos, \u00e9 o que far\u00e1 da seguran\u00e7a privada um segmento ainda mais forte.<\/p>\n<p>Essa uni\u00e3o ser\u00e1 necess\u00e1ria tamb\u00e9m para atuarmos perante os senadores de cada estado, de maneira que eles compreendam a import\u00e2ncia da aprova\u00e7\u00e3o do Estatuto da Seguran\u00e7a Privada. O projeto est\u00e1 l\u00e1, na marca do p\u00eanalti, pronto para ser votado. S\u00f3 nosso trabalho de convencimento e capacidade de expor todos os benef\u00edcios que a nova legisla\u00e7\u00e3o trar\u00e1 para o Pa\u00eds ser\u00e3o capazes de fazer com que aprovem essa mat\u00e9ria.<\/p>\n<p>Assim, pe\u00e7o que todos arregacem as mangas e nos ajudem no trabalho no Congresso Nacional. N\u00e3o podemos mais esperar! Chegou a hora de elevarmos a seguran\u00e7a privada a um outro n\u00edvel.<\/p>\n<p>Conto com todos.<\/p>\n<p>Jeferson Furlan Naz\u00e1rio<br \/>\nPresidente Nacional da Fenavist<\/p>\n<p><a href=\"http:\/\/www.bibliotecadeseguranca.com.br\/wp-content\/uploads\/2018\/06\/revista-fenavist-edicao-28-abril-2018.pdf\" target=\"_blank\" rel=\"noopener\"><img loading=\"lazy\" decoding=\"async\" class=\"alignleft wp-image-12143 size-full\" src=\"http:\/\/www.bibliotecadeseguranca.com.br\/fr\/wp-content\/uploads\/2015\/03\/download_fr.gif\" alt=\"T\u00e9l\u00e9charger\" width=\"107\" height=\"25\" \/><\/a><\/p>\n","protected":false},"excerpt":{"rendered":"<p>R\u00e9sum\u00e9: Uni\u00e3o para vencer a crise Pelo terceiro ano consecutivo, a diferen\u00e7a entre contrata\u00e7\u00f5es e demiss\u00f5es na seguran\u00e7a privada terminou no vermelho. Para 2018, mesmo com alguns sinais de que a economia pode voltar a crescer de forma mais aquecida, precisamos ter os p\u00e9s no ch\u00e3o. N\u00e3o podemos pensar de forma imediatista. Necessitamos de vis\u00e3o de longo prazo, tomar decis\u00f5es que n\u00e3o signifiquem um al\u00edvio passageiro, mas um rem\u00e9dio eficaz&hellip; <\/p>\n","protected":false},"author":3,"featured_media":14887,"comment_status":"open","ping_status":"closed","sticky":false,"template":"","format":"standard","meta":{"footnotes":""},"categories":[124,71,112],"tags":[],"class_list":["post-14886","post","type-post","status-publish","format-standard","has-post-thumbnail","hentry","category-revista-fenavist","category-periodicos-de-seguranca","category-download"],"views":205,"_links":{"self":[{"href":"https:\/\/www.bibliotecadeseguranca.com.br\/fr\/wp-json\/wp\/v2\/posts\/14886","targetHints":{"allow":["GET"]}}],"collection":[{"href":"https:\/\/www.bibliotecadeseguranca.com.br\/fr\/wp-json\/wp\/v2\/posts"}],"about":[{"href":"https:\/\/www.bibliotecadeseguranca.com.br\/fr\/wp-json\/wp\/v2\/types\/post"}],"author":[{"embeddable":true,"href":"https:\/\/www.bibliotecadeseguranca.com.br\/fr\/wp-json\/wp\/v2\/users\/3"}],"replies":[{"embeddable":true,"href":"https:\/\/www.bibliotecadeseguranca.com.br\/fr\/wp-json\/wp\/v2\/comments?post=14886"}],"version-history":[{"count":1,"href":"https:\/\/www.bibliotecadeseguranca.com.br\/fr\/wp-json\/wp\/v2\/posts\/14886\/revisions"}],"predecessor-version":[{"id":14888,"href":"https:\/\/www.bibliotecadeseguranca.com.br\/fr\/wp-json\/wp\/v2\/posts\/14886\/revisions\/14888"}],"wp:featuredmedia":[{"embeddable":true,"href":"https:\/\/www.bibliotecadeseguranca.com.br\/fr\/wp-json\/wp\/v2\/media\/14887"}],"wp:attachment":[{"href":"https:\/\/www.bibliotecadeseguranca.com.br\/fr\/wp-json\/wp\/v2\/media?parent=14886"}],"wp:term":[{"taxonomy":"category","embeddable":true,"href":"https:\/\/www.bibliotecadeseguranca.com.br\/fr\/wp-json\/wp\/v2\/categories?post=14886"},{"taxonomy":"post_tag","embeddable":true,"href":"https:\/\/www.bibliotecadeseguranca.com.br\/fr\/wp-json\/wp\/v2\/tags?post=14886"}],"curies":[{"name":"wp","href":"https:\/\/api.w.org\/{rel}","templated":true}]}}