{"id":14870,"date":"2018-06-18T14:00:33","date_gmt":"2018-06-18T17:00:33","guid":{"rendered":"http:\/\/www.bibliotecadeseguranca.com.br\/fr\/?p=14870"},"modified":"2018-06-18T11:27:29","modified_gmt":"2018-06-18T14:27:29","slug":"revista-fenavist-ano-xv-n-27-dezembro-de-2017","status":"publish","type":"post","link":"https:\/\/www.bibliotecadeseguranca.com.br\/fr\/periodicos-de-seguranca\/revista-fenavist-ano-xv-n-27-dezembro-de-2017\/","title":{"rendered":"Revista Fenavist \u2013 Ano XV \u2013 N 27 \u2013 Dezembro de 2017"},"content":{"rendered":"<p><span style=\"color: #003366;\"><strong><img loading=\"lazy\" decoding=\"async\" class=\"alignleft size-full wp-image-14871\" src=\"http:\/\/www.bibliotecadeseguranca.com.br\/fr\/wp-content\/uploads\/2018\/06\/edicao-27-revista-fenavist-dezembro-2017.jpg\" alt=\"Revista Fenavist \u2013 Ano XV \u2013 N 27 \u2013 Dezembro de 2017\" width=\"145\" height=\"194\" srcset=\"https:\/\/www.bibliotecadeseguranca.com.br\/fr\/wp-content\/uploads\/2018\/06\/edicao-27-revista-fenavist-dezembro-2017.jpg 145w, https:\/\/www.bibliotecadeseguranca.com.br\/fr\/wp-content\/uploads\/2018\/06\/edicao-27-revista-fenavist-dezembro-2017-112x150.jpg 112w\" sizes=\"auto, (max-width: 145px) 100vw, 145px\" \/>R\u00e9sum\u00e9:<\/strong><\/span> A volta aos \u201ceixos\u201d exigiR\u00e1 muita paci\u00eancia<\/p>\n<p>Estamos acostumados a trabalhar com pronta resposta, agilidade e rapidez em nossas empresas. Mas, ao analisar o momento atual, a paci\u00eancia se tornou a palavra-chave. Por mais dif\u00edcil que seja, precisamos compreender que no cen\u00e1rio pol\u00edtico-econ\u00f4mico algumas coisas levam tempo para chegar ao objetivo desejado, o verdadeiro trabalho de formiguinha.<br \/>\n\u00c9 na base da teimosia que temos enfrentado com muita luta a crise econ\u00f4mica que se instalou no Brasil nos \u00faltimos anos. Desde 2015 foram mais de 70 mil postos de trabalho fechados na seguran\u00e7a privada. Infelizmente, mesmo com a economia a dar sinais de rea\u00e7\u00e3o, acredito que enfrentaremos momentos dif\u00edceis ainda por algum tempo.<br \/>\nOs anos de muita paci\u00eancia, negocia\u00e7\u00f5es e lutas no Congresso Nacional come\u00e7am a ser recompensados. A reforma trabalhista est\u00e1 a\u00ed \u2013 aprovada, sancionada e regulamentada, uma luz no fim do t\u00fanel, um suspiro de esperan\u00e7a para que possamos retomar o crescimento. Mas lembrem-se, a parcim\u00f4nia ser\u00e1 fundamental nos pr\u00f3ximos meses, quando, pela primeira vez, negociaremos conven\u00e7\u00f5es coletivas sob as novas normas.<br \/>\nAs reformas da previd\u00eancia e tribut\u00e1ria, dois importantes pilares para a retomada do crescimento do Brasil, ganharam for\u00e7a e est\u00e3o na pauta de discuss\u00e3o do Congresso Nacional.<br \/>\nA um passo de ser aprovado, em definitivo, pelo Senado Federal, o Estatuto da Seguran\u00e7a Privada nos exige mais alguns momentos de paci\u00eancia. Ap\u00f3s ser aprovado pela Comiss\u00e3o de Assuntos Sociais do Senado, o texto passou a tramitar em regime de urg\u00eancia. Infelizmente, entraves como o trancamento da pauta por medidas provis\u00f3rias e falta de qu\u00f3rum impediram que ele j\u00e1 tivesse sido aprovado.<br \/>\nPara quem batalha, por\u00e9m, h\u00e1 mais de uma d\u00e9cada pela moderniza\u00e7\u00e3o da Lei n\u00ba 7.102\/1983, isso \u00e9 apenas mais um detalhe. Tenho a convic\u00e7\u00e3o de que, em breve, estaremos trabalhando sob as regras de uma legisla\u00e7\u00e3o moderna que nos ajudar\u00e1 no retorno aos \u201ceixos\u201d, assim como a reforma trabalhista e outras medidas que est\u00e3o sendo tomadas.<br \/>\nTemos tudo para ser uma economia forte, uma das principais do mundo, mas precisamos acreditar. Todas essas mudan\u00e7as pela frente, com certeza, ficar\u00e3o para a hist\u00f3ria.<br \/>\nAmigos, como \u00e9 de praxe no nosso segmento, vislumbro um 2018 de muito trabalho. Desejo a todos sucesso,paci\u00eancia e sabedoria. O jogo est\u00e1 come\u00e7ando a virar.<\/p>\n<p>Jeferson Furlan Naz\u00e1rio<br \/>\nPresidente Nacional da Fenavist<\/p>\n<p><a href=\"http:\/\/www.bibliotecadeseguranca.com.br\/wp-content\/uploads\/2018\/06\/edicao-27-dezembro-2017.pdf\" target=\"_blank\" rel=\"noopener\"><img loading=\"lazy\" decoding=\"async\" class=\"alignleft wp-image-12143 size-full\" src=\"http:\/\/www.bibliotecadeseguranca.com.br\/fr\/wp-content\/uploads\/2015\/03\/download_fr.gif\" alt=\"T\u00e9l\u00e9charger\" width=\"107\" height=\"25\" \/><\/a><\/p>\n","protected":false},"excerpt":{"rendered":"<p>R\u00e9sum\u00e9: A volta aos \u201ceixos\u201d exigiR\u00e1 muita paci\u00eancia Estamos acostumados a trabalhar com pronta resposta, agilidade e rapidez em nossas empresas. Mas, ao analisar o momento atual, a paci\u00eancia se tornou a palavra-chave. Por mais dif\u00edcil que seja, precisamos compreender que no cen\u00e1rio pol\u00edtico-econ\u00f4mico algumas coisas levam tempo para chegar ao objetivo desejado, o verdadeiro trabalho de formiguinha. \u00c9 na base da teimosia que temos enfrentado com muita luta a&hellip; <\/p>\n","protected":false},"author":3,"featured_media":14871,"comment_status":"open","ping_status":"closed","sticky":false,"template":"","format":"standard","meta":{"footnotes":""},"categories":[124,71,112],"tags":[],"class_list":["post-14870","post","type-post","status-publish","format-standard","has-post-thumbnail","hentry","category-revista-fenavist","category-periodicos-de-seguranca","category-download"],"views":205,"_links":{"self":[{"href":"https:\/\/www.bibliotecadeseguranca.com.br\/fr\/wp-json\/wp\/v2\/posts\/14870","targetHints":{"allow":["GET"]}}],"collection":[{"href":"https:\/\/www.bibliotecadeseguranca.com.br\/fr\/wp-json\/wp\/v2\/posts"}],"about":[{"href":"https:\/\/www.bibliotecadeseguranca.com.br\/fr\/wp-json\/wp\/v2\/types\/post"}],"author":[{"embeddable":true,"href":"https:\/\/www.bibliotecadeseguranca.com.br\/fr\/wp-json\/wp\/v2\/users\/3"}],"replies":[{"embeddable":true,"href":"https:\/\/www.bibliotecadeseguranca.com.br\/fr\/wp-json\/wp\/v2\/comments?post=14870"}],"version-history":[{"count":1,"href":"https:\/\/www.bibliotecadeseguranca.com.br\/fr\/wp-json\/wp\/v2\/posts\/14870\/revisions"}],"predecessor-version":[{"id":14872,"href":"https:\/\/www.bibliotecadeseguranca.com.br\/fr\/wp-json\/wp\/v2\/posts\/14870\/revisions\/14872"}],"wp:featuredmedia":[{"embeddable":true,"href":"https:\/\/www.bibliotecadeseguranca.com.br\/fr\/wp-json\/wp\/v2\/media\/14871"}],"wp:attachment":[{"href":"https:\/\/www.bibliotecadeseguranca.com.br\/fr\/wp-json\/wp\/v2\/media?parent=14870"}],"wp:term":[{"taxonomy":"category","embeddable":true,"href":"https:\/\/www.bibliotecadeseguranca.com.br\/fr\/wp-json\/wp\/v2\/categories?post=14870"},{"taxonomy":"post_tag","embeddable":true,"href":"https:\/\/www.bibliotecadeseguranca.com.br\/fr\/wp-json\/wp\/v2\/tags?post=14870"}],"curies":[{"name":"wp","href":"https:\/\/api.w.org\/{rel}","templated":true}]}}