{"id":14864,"date":"2018-06-15T14:00:07","date_gmt":"2018-06-15T17:00:07","guid":{"rendered":"http:\/\/www.bibliotecadeseguranca.com.br\/fr\/?p=14864"},"modified":"2018-06-15T11:31:24","modified_gmt":"2018-06-15T14:31:24","slug":"aspectos-juridicos-en-el-desarrollo-de-las-funciones-del-personal-de-seguridad","status":"publish","type":"post","link":"https:\/\/www.bibliotecadeseguranca.com.br\/fr\/livros\/aspectos-juridicos-en-el-desarrollo-de-las-funciones-del-personal-de-seguridad\/","title":{"rendered":"Aspectos jur\u00eddicos en el desarrollo de las funciones del personal de seguridad"},"content":{"rendered":"<p><span style=\"color: #003366;\"><strong><img loading=\"lazy\" decoding=\"async\" class=\"alignleft size-full wp-image-14865\" src=\"http:\/\/www.bibliotecadeseguranca.com.br\/fr\/wp-content\/uploads\/2018\/06\/aspectos-juridicos-en-el-desarrollo-de-las-funciones-del-personal-de-seguridad.jpg\" alt=\"Aspectos jur\u00eddicos en el desarrollo de las funciones del personal de seguridad\" width=\"145\" height=\"203\" srcset=\"https:\/\/www.bibliotecadeseguranca.com.br\/fr\/wp-content\/uploads\/2018\/06\/aspectos-juridicos-en-el-desarrollo-de-las-funciones-del-personal-de-seguridad.jpg 145w, https:\/\/www.bibliotecadeseguranca.com.br\/fr\/wp-content\/uploads\/2018\/06\/aspectos-juridicos-en-el-desarrollo-de-las-funciones-del-personal-de-seguridad-107x150.jpg 107w\" sizes=\"auto, (max-width: 145px) 100vw, 145px\" \/>Salvador Fabra Mart\u00ednez<\/strong><\/span><\/p>\n<p><span style=\"color: #003366;\"><strong>Maison d&#8217;\u00e9dition ic editorial<\/strong><\/span><\/p>\n<p><span style=\"color: #003366;\"><strong>R\u00e9sum\u00e9:<\/strong><\/span> &#8211; Distinguir las autoridades, organismos y empresas que act\u00faan en el \u00e1mbito de la seguridad;<br \/>\n&#8211; Analizar el contenido de los derechos y obligaciones que tienen su fundamento en la protecci\u00f3n jur\u00eddica de los derechos de las personas;<br \/>\n&#8211; Aplicar la legislaci\u00f3n vigente a la actividad profesional relacionada con la seguridad y protecci\u00f3n;<br \/>\n&#8211; Utilizar los procedimientos de detenci\u00f3n e identificaci\u00f3n de personas.<\/p>\n","protected":false},"excerpt":{"rendered":"<p>Salvador Fabra Mart\u00ednez Maison d&#8217;\u00e9dition ic editorial R\u00e9sum\u00e9: &#8211; Distinguir las autoridades, organismos y empresas que act\u00faan en el \u00e1mbito de la seguridad; &#8211; Analizar el contenido de los derechos y obligaciones que tienen su fundamento en la protecci\u00f3n jur\u00eddica de los derechos de las personas; &#8211; Aplicar la legislaci\u00f3n vigente a la actividad profesional relacionada con la seguridad y protecci\u00f3n; &#8211; Utilizar los procedimientos de detenci\u00f3n e identificaci\u00f3n de&hellip; <\/p>\n","protected":false},"author":3,"featured_media":14865,"comment_status":"open","ping_status":"closed","sticky":false,"template":"","format":"standard","meta":{"footnotes":""},"categories":[81,23,6],"tags":[],"class_list":["post-14864","post","type-post","status-publish","format-standard","has-post-thumbnail","hentry","category-espanol","category-gestao-da-seguranca-empresarial","category-livros"],"views":400,"_links":{"self":[{"href":"https:\/\/www.bibliotecadeseguranca.com.br\/fr\/wp-json\/wp\/v2\/posts\/14864","targetHints":{"allow":["GET"]}}],"collection":[{"href":"https:\/\/www.bibliotecadeseguranca.com.br\/fr\/wp-json\/wp\/v2\/posts"}],"about":[{"href":"https:\/\/www.bibliotecadeseguranca.com.br\/fr\/wp-json\/wp\/v2\/types\/post"}],"author":[{"embeddable":true,"href":"https:\/\/www.bibliotecadeseguranca.com.br\/fr\/wp-json\/wp\/v2\/users\/3"}],"replies":[{"embeddable":true,"href":"https:\/\/www.bibliotecadeseguranca.com.br\/fr\/wp-json\/wp\/v2\/comments?post=14864"}],"version-history":[{"count":1,"href":"https:\/\/www.bibliotecadeseguranca.com.br\/fr\/wp-json\/wp\/v2\/posts\/14864\/revisions"}],"predecessor-version":[{"id":14866,"href":"https:\/\/www.bibliotecadeseguranca.com.br\/fr\/wp-json\/wp\/v2\/posts\/14864\/revisions\/14866"}],"wp:featuredmedia":[{"embeddable":true,"href":"https:\/\/www.bibliotecadeseguranca.com.br\/fr\/wp-json\/wp\/v2\/media\/14865"}],"wp:attachment":[{"href":"https:\/\/www.bibliotecadeseguranca.com.br\/fr\/wp-json\/wp\/v2\/media?parent=14864"}],"wp:term":[{"taxonomy":"category","embeddable":true,"href":"https:\/\/www.bibliotecadeseguranca.com.br\/fr\/wp-json\/wp\/v2\/categories?post=14864"},{"taxonomy":"post_tag","embeddable":true,"href":"https:\/\/www.bibliotecadeseguranca.com.br\/fr\/wp-json\/wp\/v2\/tags?post=14864"}],"curies":[{"name":"wp","href":"https:\/\/api.w.org\/{rel}","templated":true}]}}