{"id":14854,"date":"2018-06-11T14:00:07","date_gmt":"2018-06-11T17:00:07","guid":{"rendered":"http:\/\/www.bibliotecadeseguranca.com.br\/fr\/?p=14854"},"modified":"2018-06-11T10:45:42","modified_gmt":"2018-06-11T13:45:42","slug":"revista-fenavist-ano-xv-n-26-agosto-de-2017","status":"publish","type":"post","link":"https:\/\/www.bibliotecadeseguranca.com.br\/fr\/periodicos-de-seguranca\/revista-fenavist-ano-xv-n-26-agosto-de-2017\/","title":{"rendered":"Revista Fenavist \u2013 Ano XV \u2013 N 26 \u2013 Agosto de 2017"},"content":{"rendered":"<p><span style=\"color: #003366;\"><strong><img loading=\"lazy\" decoding=\"async\" class=\"alignleft size-full wp-image-14855\" src=\"http:\/\/www.bibliotecadeseguranca.com.br\/fr\/wp-content\/uploads\/2018\/06\/edicao-26-revista-fenavist-agosto-2017.jpg\" alt=\"Revista Fenavist \u2013 Ano XV \u2013 N 26 \u2013 Agosto de 2017\" width=\"145\" height=\"196\" srcset=\"https:\/\/www.bibliotecadeseguranca.com.br\/fr\/wp-content\/uploads\/2018\/06\/edicao-26-revista-fenavist-agosto-2017.jpg 145w, https:\/\/www.bibliotecadeseguranca.com.br\/fr\/wp-content\/uploads\/2018\/06\/edicao-26-revista-fenavist-agosto-2017-111x150.jpg 111w\" sizes=\"auto, (max-width: 145px) 100vw, 145px\" \/>R\u00e9sum\u00e9:<\/strong><\/span> Desfazendo Mitos<\/p>\n<p>Ideias preconcebidas. Argumentos vagos. Racioc\u00ednio n\u00e3o t\u00e3o l\u00f3gico. A exist\u00eancia de pensamentos enraizados porque ningu\u00e9m questiona \u00e9 algo comum e tamb\u00e9m muito prejudicial em alguns casos. Os criadores de mito est\u00e3o a\u00ed, sempre espalhando o que seria a verdade absoluta, quando, na verdade, uma pequena pesquisa ou dados consistentes derrubam a tese defendida.<br \/>\nA seguran\u00e7a privada h\u00e1 muito tempo tem sido v\u00edtima de um desses mitos. Segundo os \u201cespecialistas\u201d, o segmento cresce devido ao aumento da viol\u00eancia. Na cabe\u00e7a dos criadores de mito, quanto maior for a criminalidade, maior ser\u00e1 o crescimento da nossa atividade.<br \/>\nFelizmente, nos \u00faltimos meses, temos conseguido derrubar esse mito. Informa\u00e7\u00f5es do V Estudo do Setor da Seguran\u00e7a Privada (ESSEG) mostram que, nos anos de 2015 e 2016, aproximadamente 60 mil trabalhadores perderam o emprego no nosso segmento, cerca de 9% do total de empregados \u00e0 \u00e9poca, n\u00famero bem pr\u00f3ximo aos 7,4% que a economia encolheu no per\u00edodo.Esses dados evidenciam o que dizemos h\u00e1 anos: a seguran\u00e7a privada cresce em meio a economia forte e n\u00e3o com o aumento da viol\u00eancia. Ou algu\u00e9m acredita que a viol\u00eancia no Brasil diminuiu?<br \/>\nO ESSEG tamb\u00e9m revela que, com \u00edndices de criminalidade bem inferiores aos nossos, a Uni\u00e3o Europeia apresenta uma concentra\u00e7\u00e3o de vigilantes e empresas superior \u00e0 do Brasil. Mais uma vez est\u00e1 comprovado que a seguran\u00e7a privada, assim como outras atividades econ\u00f4micas, depende de uma economia fortalecida para crescer.<br \/>\nN\u00e3o \u00e9, por\u00e9m, s\u00f3 esse mito que o Estudo derruba. Cerca de 70% dos vigilantes que atuam em nossas empresas possuem ensino m\u00e9dio ou mais, o que contraria o senso comum de que a seguran\u00e7a privada tem profissionais pouco qualificados.<br \/>\nDesmistificar essas ideias preconcebidas \u00e9 algo que s\u00f3 \u00e9 poss\u00edvel com informa\u00e7\u00f5es precisas. E \u00e9 justamente isso que o V ESSEG faz. Mostra a grandeza do segmento. Nosso faturamento em 2014 correspondeu a cerca de 0,6% do PIB. Al\u00e9m disso, temos aproximadamente 2.600 empresas e 600 mil trabalhadores. Esses dados embasam argumentos s\u00f3lidos em discuss\u00f5es com os tr\u00eas poderes, contratantes, imprensa e sociedade em geral e ajudam a solidificar o trabalho da Federa\u00e7\u00e3o perante o Congresso Nacional na busca pela aprova\u00e7\u00e3o, em definitivo, do Estatuto da Seguran\u00e7a Privada.<br \/>\nComo sempre gosto de dizer, a informa\u00e7\u00e3o \u00e9 o que separa o sucesso do fracasso. Nesse quesito, estamos muito bem, obrigado. O trabalho feito pelo Departamento de Estat\u00edstica da Fenavist e pela Consultoria Econ\u00f4mica da entidade foi fant\u00e1stico.<br \/>\nEm meio a tantos mitos que estamos derrubando, tenho certeza de que mais um deixar\u00e1 de existir nos pr\u00f3ximos meses. A aprova\u00e7\u00e3o da reforma trabalhista \u00e9 um passo importante para todos os setores econ\u00f4micos do Brasil. A Fenavist sente muito orgulho de ter participado das discuss\u00f5es, inclusive sugerindo altera\u00e7\u00f5es acatadas no texto final. Est\u00e1 claro que nenhum direito dos trabalhadores foi retirado.<br \/>\nCom os benef\u00edcios que ser\u00e3o decorrentes das altera\u00e7\u00f5es na legisla\u00e7\u00e3o trabalhista, empregos devem ser mantidos em meio \u00e0 crise. Outros ser\u00e3o criados. Com isso, os trabalhadores e sociedade perceber\u00e3o que era equivocada a ideia de que a reforma seria prejudicial.<br \/>\nAgora, esperamos que o Governo e o Congresso Nacional aprovem a reforma da previd\u00eancia. Outro mito que precisa cair \u00e9 o de que na falta de recursos, a solu\u00e7\u00e3o \u00e9 o aumento de imposto. Ou seja, reforma tribut\u00e1ria j\u00e1!<br \/>\nEsses passos s\u00e3o fundamentais para que a nossa economia volte a crescer e o Pa\u00eds a se desenvolver.<\/p>\n<p>Jeferson Furlan Naz\u00e1rio<br \/>\nPresidente Nacional da Fenavist<\/p>\n<p><a href=\"http:\/\/www.bibliotecadeseguranca.com.br\/wp-content\/uploads\/2018\/06\/edicao-26-revista-fenavist-agosto-2017.pdf\" target=\"_blank\" rel=\"noopener\"><img loading=\"lazy\" decoding=\"async\" class=\"alignleft wp-image-12143 size-full\" src=\"http:\/\/www.bibliotecadeseguranca.com.br\/fr\/wp-content\/uploads\/2015\/03\/download_fr.gif\" alt=\"T\u00e9l\u00e9charger\" width=\"107\" height=\"25\" \/><\/a><\/p>\n","protected":false},"excerpt":{"rendered":"<p>R\u00e9sum\u00e9: Desfazendo Mitos Ideias preconcebidas. Argumentos vagos. Racioc\u00ednio n\u00e3o t\u00e3o l\u00f3gico. A exist\u00eancia de pensamentos enraizados porque ningu\u00e9m questiona \u00e9 algo comum e tamb\u00e9m muito prejudicial em alguns casos. Os criadores de mito est\u00e3o a\u00ed, sempre espalhando o que seria a verdade absoluta, quando, na verdade, uma pequena pesquisa ou dados consistentes derrubam a tese defendida. A seguran\u00e7a privada h\u00e1 muito tempo tem sido v\u00edtima de um desses mitos. Segundo&hellip; <\/p>\n","protected":false},"author":3,"featured_media":14855,"comment_status":"open","ping_status":"closed","sticky":false,"template":"","format":"standard","meta":{"footnotes":""},"categories":[124,71,112],"tags":[],"class_list":["post-14854","post","type-post","status-publish","format-standard","has-post-thumbnail","hentry","category-revista-fenavist","category-periodicos-de-seguranca","category-download"],"views":302,"_links":{"self":[{"href":"https:\/\/www.bibliotecadeseguranca.com.br\/fr\/wp-json\/wp\/v2\/posts\/14854","targetHints":{"allow":["GET"]}}],"collection":[{"href":"https:\/\/www.bibliotecadeseguranca.com.br\/fr\/wp-json\/wp\/v2\/posts"}],"about":[{"href":"https:\/\/www.bibliotecadeseguranca.com.br\/fr\/wp-json\/wp\/v2\/types\/post"}],"author":[{"embeddable":true,"href":"https:\/\/www.bibliotecadeseguranca.com.br\/fr\/wp-json\/wp\/v2\/users\/3"}],"replies":[{"embeddable":true,"href":"https:\/\/www.bibliotecadeseguranca.com.br\/fr\/wp-json\/wp\/v2\/comments?post=14854"}],"version-history":[{"count":1,"href":"https:\/\/www.bibliotecadeseguranca.com.br\/fr\/wp-json\/wp\/v2\/posts\/14854\/revisions"}],"predecessor-version":[{"id":14856,"href":"https:\/\/www.bibliotecadeseguranca.com.br\/fr\/wp-json\/wp\/v2\/posts\/14854\/revisions\/14856"}],"wp:featuredmedia":[{"embeddable":true,"href":"https:\/\/www.bibliotecadeseguranca.com.br\/fr\/wp-json\/wp\/v2\/media\/14855"}],"wp:attachment":[{"href":"https:\/\/www.bibliotecadeseguranca.com.br\/fr\/wp-json\/wp\/v2\/media?parent=14854"}],"wp:term":[{"taxonomy":"category","embeddable":true,"href":"https:\/\/www.bibliotecadeseguranca.com.br\/fr\/wp-json\/wp\/v2\/categories?post=14854"},{"taxonomy":"post_tag","embeddable":true,"href":"https:\/\/www.bibliotecadeseguranca.com.br\/fr\/wp-json\/wp\/v2\/tags?post=14854"}],"curies":[{"name":"wp","href":"https:\/\/api.w.org\/{rel}","templated":true}]}}