{"id":14838,"date":"2018-06-04T14:00:15","date_gmt":"2018-06-04T17:00:15","guid":{"rendered":"http:\/\/www.bibliotecadeseguranca.com.br\/fr\/?p=14838"},"modified":"2018-06-11T10:48:45","modified_gmt":"2018-06-11T13:48:45","slug":"revista-fenavist-ano-xv-n-26-marco-de-2017","status":"publish","type":"post","link":"https:\/\/www.bibliotecadeseguranca.com.br\/fr\/periodicos-de-seguranca\/revista-fenavist-ano-xv-n-26-marco-de-2017\/","title":{"rendered":"Revista Fenavist \u2013 Ano XV \u2013 N 25 \u2013 Marco de 2017"},"content":{"rendered":"<p><span style=\"color: #003366;\"><strong><img loading=\"lazy\" decoding=\"async\" class=\"alignleft size-full wp-image-14839\" src=\"http:\/\/www.bibliotecadeseguranca.com.br\/fr\/wp-content\/uploads\/2018\/06\/edicao-26-revista-fenavist-marco-2017.jpg\" alt=\"Revista Fenavist \u2013 Ano XV \u2013 N 26 \u2013 Marco de 2017\" width=\"145\" height=\"195\" srcset=\"https:\/\/www.bibliotecadeseguranca.com.br\/fr\/wp-content\/uploads\/2018\/06\/edicao-26-revista-fenavist-marco-2017.jpg 145w, https:\/\/www.bibliotecadeseguranca.com.br\/fr\/wp-content\/uploads\/2018\/06\/edicao-26-revista-fenavist-marco-2017-112x150.jpg 112w\" sizes=\"auto, (max-width: 145px) 100vw, 145px\" \/>R\u00e9sum\u00e9:<\/strong><\/span> Sinal de Alerta Ligado<\/p>\n<p>O ano de 2017 se inicia com sinais de que o Brasil pode come\u00e7ar a se reerguer ap\u00f3s enfrentar, no \u00faltimos anos, uma severa crise econ\u00f4mica. A infla\u00e7\u00e3o come\u00e7a a arrefecer, o Banco Central voltou a cortar a taxa b\u00e1sica de juros. E, no Congresso Nacional, reformas fundamentais para o Pa\u00eds, como a da previd\u00eancia e a trabalhista, tramitam com boas chances de serem aprovadas.<\/p>\n<p>Ap\u00f3s um longo pre\u00edodo tenebroso, tendemos a olhar para o cen\u00e1rio positivo e nos animar. Mas, fa\u00e7o aqui o papel do advogado do diabo. Por mais que as coisas pare\u00e7am rumar para uma situa\u00e7\u00e3o favor\u00e1vel e para a retomada do crescimento, n\u00e3o devemos no empolgar. Precisamos de parcim\u00f4nia.<\/p>\n<p>N\u00e3o podemos nos esquecer do passado recente. Os anos de 2015 e 2016 apresentam n\u00fameros perversos para o segmento de seguran\u00e7a privada. Foram quase 60 mil vagas de trabalho fechadas no per\u00edodo. Por maiores que tenham sido os esfor\u00e7os das nossas empresas, n\u00e3o conseguimos evitar essa situa\u00e7\u00e3o.<\/p>\n<p>Este ano se apresenta para o setor com enormes desafios. Infelizmente, antes de pensarmos em retomar o crescimento com n\u00fameros expressivos, precisamos ter a consci\u00eancia que o primeiro passo \u00e9 conseguir manter os empregos gerados por nossas empresas. E isso s\u00f3 ser\u00e1 poss\u00edvel com um trabalho de gest\u00e3o consciente. N\u00e3o existe f\u00f3rmula m\u00e1gica.<\/p>\n<p>Muito da possibilidade de voltarmos a ter um horizonte promissor passa pelo Estatuto da Seguran\u00e7a Privada. Ap\u00f3s uma longa tramita\u00e7\u00e3o na C\u00e3mara dos Deputados, que culminou com a aprova\u00e7\u00e3o pelo plen\u00e1rio da Casa no final do ano, agora, o Projeto de Lei n\u00ba7.102, de 1983, volta a ser analisados pelos senadores.<\/p>\n<p>Posso prometer uma coisa a voc\u00eas, assim como foi na C\u00e2mara, a Fenavist trabalhar\u00e1 diuturnamente pela aprova\u00e7\u00e3o. O Estatuto da Seguran\u00e7a Privada \u00e9 fundamental para que o segmento volte a ter condi\u00e7\u00f5es de se desenvolver.<\/p>\n<p>Os desafios s\u00e3o grandes, mas, se mantivermos uni\u00e3o, determina\u00e7\u00e3o e a vontade de trabalhar que temos demonstrado ao longo da nossa hist\u00f3ria, com certeza, ao final do ano, trocaremos o sinal de alterta pelo sinal verde.<\/p>\n<p>Vamos ao trabalho!<\/p>\n<p>Jeferson Furlan Naz\u00e1rio<br \/>\nPresidente Nacional Fenavist<\/p>\n<p><a href=\"http:\/\/www.bibliotecadeseguranca.com.br\/wp-content\/uploads\/2018\/06\/edicao-26-revista-fenavist-marco-2017.pdf\" target=\"_blank\" rel=\"noopener\"><img loading=\"lazy\" decoding=\"async\" class=\"alignleft wp-image-12143 size-full\" src=\"http:\/\/www.bibliotecadeseguranca.com.br\/fr\/wp-content\/uploads\/2015\/03\/download_fr.gif\" alt=\"T\u00e9l\u00e9charger\" width=\"107\" height=\"25\" \/><\/a><\/p>\n","protected":false},"excerpt":{"rendered":"<p>R\u00e9sum\u00e9: Sinal de Alerta Ligado O ano de 2017 se inicia com sinais de que o Brasil pode come\u00e7ar a se reerguer ap\u00f3s enfrentar, no \u00faltimos anos, uma severa crise econ\u00f4mica. A infla\u00e7\u00e3o come\u00e7a a arrefecer, o Banco Central voltou a cortar a taxa b\u00e1sica de juros. E, no Congresso Nacional, reformas fundamentais para o Pa\u00eds, como a da previd\u00eancia e a trabalhista, tramitam com boas chances de serem aprovadas.&hellip; <\/p>\n","protected":false},"author":3,"featured_media":14839,"comment_status":"open","ping_status":"closed","sticky":false,"template":"","format":"standard","meta":{"footnotes":""},"categories":[124,71,112],"tags":[],"class_list":["post-14838","post","type-post","status-publish","format-standard","has-post-thumbnail","hentry","category-revista-fenavist","category-periodicos-de-seguranca","category-download"],"views":300,"_links":{"self":[{"href":"https:\/\/www.bibliotecadeseguranca.com.br\/fr\/wp-json\/wp\/v2\/posts\/14838","targetHints":{"allow":["GET"]}}],"collection":[{"href":"https:\/\/www.bibliotecadeseguranca.com.br\/fr\/wp-json\/wp\/v2\/posts"}],"about":[{"href":"https:\/\/www.bibliotecadeseguranca.com.br\/fr\/wp-json\/wp\/v2\/types\/post"}],"author":[{"embeddable":true,"href":"https:\/\/www.bibliotecadeseguranca.com.br\/fr\/wp-json\/wp\/v2\/users\/3"}],"replies":[{"embeddable":true,"href":"https:\/\/www.bibliotecadeseguranca.com.br\/fr\/wp-json\/wp\/v2\/comments?post=14838"}],"version-history":[{"count":2,"href":"https:\/\/www.bibliotecadeseguranca.com.br\/fr\/wp-json\/wp\/v2\/posts\/14838\/revisions"}],"predecessor-version":[{"id":14857,"href":"https:\/\/www.bibliotecadeseguranca.com.br\/fr\/wp-json\/wp\/v2\/posts\/14838\/revisions\/14857"}],"wp:featuredmedia":[{"embeddable":true,"href":"https:\/\/www.bibliotecadeseguranca.com.br\/fr\/wp-json\/wp\/v2\/media\/14839"}],"wp:attachment":[{"href":"https:\/\/www.bibliotecadeseguranca.com.br\/fr\/wp-json\/wp\/v2\/media?parent=14838"}],"wp:term":[{"taxonomy":"category","embeddable":true,"href":"https:\/\/www.bibliotecadeseguranca.com.br\/fr\/wp-json\/wp\/v2\/categories?post=14838"},{"taxonomy":"post_tag","embeddable":true,"href":"https:\/\/www.bibliotecadeseguranca.com.br\/fr\/wp-json\/wp\/v2\/tags?post=14838"}],"curies":[{"name":"wp","href":"https:\/\/api.w.org\/{rel}","templated":true}]}}