{"id":14790,"date":"2018-05-14T14:00:05","date_gmt":"2018-05-14T17:00:05","guid":{"rendered":"http:\/\/www.bibliotecadeseguranca.com.br\/fr\/?p=14790"},"modified":"2018-05-14T12:53:50","modified_gmt":"2018-05-14T15:53:50","slug":"revista-fenavist-ano-xiv-n-21-abril-de-2016","status":"publish","type":"post","link":"https:\/\/www.bibliotecadeseguranca.com.br\/fr\/periodicos-de-seguranca\/revista-fenavist-ano-xiv-n-21-abril-de-2016\/","title":{"rendered":"Revista Fenavist \u2013 Ano XIV \u2013 N 21 \u2013 Abril de 2016"},"content":{"rendered":"<p><span style=\"color: #003366;\"><strong><img loading=\"lazy\" decoding=\"async\" class=\"alignleft size-full wp-image-14791\" src=\"http:\/\/www.bibliotecadeseguranca.com.br\/fr\/wp-content\/uploads\/2018\/05\/revista-fenavist-ano-xiv-n-21-abril-de-2016.jpg\" alt=\"Revista Fenavist \u2013 Ano XIV \u2013 N 21 \u2013 Abril de 2016\" width=\"145\" height=\"190\" srcset=\"https:\/\/www.bibliotecadeseguranca.com.br\/fr\/wp-content\/uploads\/2018\/05\/revista-fenavist-ano-xiv-n-21-abril-de-2016.jpg 145w, https:\/\/www.bibliotecadeseguranca.com.br\/fr\/wp-content\/uploads\/2018\/05\/revista-fenavist-ano-xiv-n-21-abril-de-2016-114x150.jpg 114w\" sizes=\"auto, (max-width: 145px) 100vw, 145px\" \/>R\u00e9sum\u00e9:<\/strong><\/span> Os cen\u00e1rios pol\u00edticos e sociais da nossa atualidade, est\u00e3o bastante preocupantes. Podemos ver que n\u00e3o s\u00f3 os empres\u00e1rios, mas a popula\u00e7\u00e3o de forma geral est\u00e1 cobrando mudan\u00e7as, haja visto que estamos sem perspectivas positivas a um curto prazo.<\/p>\n<p>O m\u00eas de mar\u00e7o, foi marcado por manifesta\u00e7\u00f5es nas ruas, e mostrou que o povo brasileiro n\u00e3o ir\u00e1 se render a vitimiza\u00e7\u00e3o de alguns personagens pol\u00edticos. \u00c9 neste momento, que precisamos unir nossas for\u00e7as, e nos prepararmos para as intemp\u00e9ries, que possam advir com uma poss\u00edvel interven\u00e7\u00e3o e mobiliza\u00e7\u00e3o de todo o nosso setor. O momento exige aten\u00e7\u00e3o!<\/p>\n<p>Os notici\u00e1rios, jornais e as m\u00eddias em geral, v\u00eam divulgando todos os dias, dados na nossa economia, mostrando que nosso Pa\u00eds, est\u00e1 sofrendo nos \u00faltimos anos, e isso reflete diretamente em nosso dia a dia, e na diminui\u00e7\u00e3o de postos de trabalho, com uma retra\u00e7\u00e3o de 5% no setor, no ano de 2015 com o encerramento de 27 mil postos de trabalho.<\/p>\n<p>Os \u00faltimos dados estat\u00edsticos, informados em estudos pelo &#8211; Cadastro Geral de Empregados e Desempregados (CAGED), nos mostra o grande problema que teremos que enfrentar neste ano, pois nos fornece, uma ampla vis\u00e3o das condi\u00e7\u00f5es do mercado de trabalho atual, e \u00e9 objetivo nas informa\u00e7\u00f5es de dados negativos de 2015 | in\u00edcio de 2016. Este cen\u00e1rio de instabilidade, reflete diretamente no desemprego do pa\u00eds, que chega a 10 milh\u00f5es no \u00faltimo m\u00eas acumulado, sem que nossos governantes tirem do papel antigos projetos, como a reforma tribut\u00e1ria e C.L.T, sem isso n\u00e3o teremos como manter uma empresa viva.<\/p>\n<p>A seguran\u00e7a privada, n\u00e3o \u00e9 o \u00fanico segmento a ser atingido nesse momento de crise, os estados mais prejudicados do setor, foram os das Regi\u00f5es Sul e Sudeste, mas o Pa\u00eds todo sente o impacto que uma m\u00e1 administra\u00e7\u00e3o causa. Vamos nos unir e trabalhar mais, para que possamos atravessar este per\u00edodo cr\u00edtico de turbul\u00eancia pol\u00edtico-econ\u00f4mica, e vislumbrar nesta crise, oportunidades para o desenvolvimento do setor, qui\u00e7\u00e1 sem maiores perdas pessoais e profissionais.<\/p>\n<p><a href=\"http:\/\/www.bibliotecadeseguranca.com.br\/wp-content\/uploads\/2018\/05\/revista-fenavist-ano-xiv-n-22-abril-2016.pdf\" target=\"_blank\" rel=\"noopener\"><img loading=\"lazy\" decoding=\"async\" class=\"alignleft wp-image-12143 size-full\" src=\"http:\/\/www.bibliotecadeseguranca.com.br\/fr\/wp-content\/uploads\/2015\/03\/download_fr.gif\" alt=\"T\u00e9l\u00e9charger\" width=\"107\" height=\"25\" \/><\/a><\/p>\n","protected":false},"excerpt":{"rendered":"<p>R\u00e9sum\u00e9: Os cen\u00e1rios pol\u00edticos e sociais da nossa atualidade, est\u00e3o bastante preocupantes. Podemos ver que n\u00e3o s\u00f3 os empres\u00e1rios, mas a popula\u00e7\u00e3o de forma geral est\u00e1 cobrando mudan\u00e7as, haja visto que estamos sem perspectivas positivas a um curto prazo. O m\u00eas de mar\u00e7o, foi marcado por manifesta\u00e7\u00f5es nas ruas, e mostrou que o povo brasileiro n\u00e3o ir\u00e1 se render a vitimiza\u00e7\u00e3o de alguns personagens pol\u00edticos. \u00c9 neste momento, que precisamos&hellip; <\/p>\n","protected":false},"author":3,"featured_media":14791,"comment_status":"open","ping_status":"closed","sticky":false,"template":"","format":"standard","meta":{"footnotes":""},"categories":[124,71,112],"tags":[],"class_list":["post-14790","post","type-post","status-publish","format-standard","has-post-thumbnail","hentry","category-revista-fenavist","category-periodicos-de-seguranca","category-download"],"views":307,"_links":{"self":[{"href":"https:\/\/www.bibliotecadeseguranca.com.br\/fr\/wp-json\/wp\/v2\/posts\/14790","targetHints":{"allow":["GET"]}}],"collection":[{"href":"https:\/\/www.bibliotecadeseguranca.com.br\/fr\/wp-json\/wp\/v2\/posts"}],"about":[{"href":"https:\/\/www.bibliotecadeseguranca.com.br\/fr\/wp-json\/wp\/v2\/types\/post"}],"author":[{"embeddable":true,"href":"https:\/\/www.bibliotecadeseguranca.com.br\/fr\/wp-json\/wp\/v2\/users\/3"}],"replies":[{"embeddable":true,"href":"https:\/\/www.bibliotecadeseguranca.com.br\/fr\/wp-json\/wp\/v2\/comments?post=14790"}],"version-history":[{"count":1,"href":"https:\/\/www.bibliotecadeseguranca.com.br\/fr\/wp-json\/wp\/v2\/posts\/14790\/revisions"}],"predecessor-version":[{"id":14792,"href":"https:\/\/www.bibliotecadeseguranca.com.br\/fr\/wp-json\/wp\/v2\/posts\/14790\/revisions\/14792"}],"wp:featuredmedia":[{"embeddable":true,"href":"https:\/\/www.bibliotecadeseguranca.com.br\/fr\/wp-json\/wp\/v2\/media\/14791"}],"wp:attachment":[{"href":"https:\/\/www.bibliotecadeseguranca.com.br\/fr\/wp-json\/wp\/v2\/media?parent=14790"}],"wp:term":[{"taxonomy":"category","embeddable":true,"href":"https:\/\/www.bibliotecadeseguranca.com.br\/fr\/wp-json\/wp\/v2\/categories?post=14790"},{"taxonomy":"post_tag","embeddable":true,"href":"https:\/\/www.bibliotecadeseguranca.com.br\/fr\/wp-json\/wp\/v2\/tags?post=14790"}],"curies":[{"name":"wp","href":"https:\/\/api.w.org\/{rel}","templated":true}]}}