{"id":14721,"date":"2018-04-17T14:00:08","date_gmt":"2018-04-17T17:00:08","guid":{"rendered":"http:\/\/www.bibliotecadeseguranca.com.br\/fr\/?p=14721"},"modified":"2018-04-17T12:45:14","modified_gmt":"2018-04-17T15:45:14","slug":"servico-de-inteligencia-para-seguranca-privada-entrave-para-criminalidade","status":"publish","type":"post","link":"https:\/\/www.bibliotecadeseguranca.com.br\/fr\/livros\/servico-de-inteligencia-para-seguranca-privada-entrave-para-criminalidade\/","title":{"rendered":"Servi\u00e7o de Intelig\u00eancia para Seguran\u00e7a Privada: entrave para criminalidade"},"content":{"rendered":"<p><span style=\"color: #003366;\"><strong><img loading=\"lazy\" decoding=\"async\" class=\"alignleft size-full wp-image-14722\" src=\"http:\/\/www.bibliotecadeseguranca.com.br\/fr\/wp-content\/uploads\/2018\/04\/servico-de-inteligencia-para-seguranca-privada-entrave-para-criminalidade.jpg\" alt=\"Servi\u00e7o de Intelig\u00eancia para Seguran\u00e7a Privada: entrave para criminalidade\" width=\"145\" height=\"231\" srcset=\"https:\/\/www.bibliotecadeseguranca.com.br\/fr\/wp-content\/uploads\/2018\/04\/servico-de-inteligencia-para-seguranca-privada-entrave-para-criminalidade.jpg 145w, https:\/\/www.bibliotecadeseguranca.com.br\/fr\/wp-content\/uploads\/2018\/04\/servico-de-inteligencia-para-seguranca-privada-entrave-para-criminalidade-94x150.jpg 94w\" sizes=\"auto, (max-width: 145px) 100vw, 145px\" \/>Jo\u00e3o Pedro Peres Rodrigues<\/strong><\/span><\/p>\n<p><span style=\"color: #003366;\"><strong>R\u00e9sum\u00e9:<\/strong><\/span> Para compreender a evolu\u00e7\u00e3o da criminalidade e saber como lidar com esse fato social, o Livro &#8220;Servi\u00e7o de Intelig\u00eancia&#8221; \u00e9 um referencial sobre os problemas da seguran\u00e7a na d\u00e9cada de 90 que refletem ainda hoje quando se fala nos servi\u00e7os prestados pela seguran\u00e7a p\u00fablica.<\/p>\n","protected":false},"excerpt":{"rendered":"<p>Jo\u00e3o Pedro Peres Rodrigues R\u00e9sum\u00e9: Para compreender a evolu\u00e7\u00e3o da criminalidade e saber como lidar com esse fato social, o Livro &#8220;Servi\u00e7o de Intelig\u00eancia&#8221; \u00e9 um referencial sobre os problemas da seguran\u00e7a na d\u00e9cada de 90 que refletem ainda hoje quando se fala nos servi\u00e7os prestados pela seguran\u00e7a p\u00fablica.<\/p>\n","protected":false},"author":3,"featured_media":14722,"comment_status":"open","ping_status":"closed","sticky":false,"template":"","format":"standard","meta":{"footnotes":""},"categories":[10,23,6],"tags":[],"class_list":["post-14721","post","type-post","status-publish","format-standard","has-post-thumbnail","hentry","category-crime-violencia-e-criminologia","category-gestao-da-seguranca-empresarial","category-livros"],"views":153,"_links":{"self":[{"href":"https:\/\/www.bibliotecadeseguranca.com.br\/fr\/wp-json\/wp\/v2\/posts\/14721","targetHints":{"allow":["GET"]}}],"collection":[{"href":"https:\/\/www.bibliotecadeseguranca.com.br\/fr\/wp-json\/wp\/v2\/posts"}],"about":[{"href":"https:\/\/www.bibliotecadeseguranca.com.br\/fr\/wp-json\/wp\/v2\/types\/post"}],"author":[{"embeddable":true,"href":"https:\/\/www.bibliotecadeseguranca.com.br\/fr\/wp-json\/wp\/v2\/users\/3"}],"replies":[{"embeddable":true,"href":"https:\/\/www.bibliotecadeseguranca.com.br\/fr\/wp-json\/wp\/v2\/comments?post=14721"}],"version-history":[{"count":2,"href":"https:\/\/www.bibliotecadeseguranca.com.br\/fr\/wp-json\/wp\/v2\/posts\/14721\/revisions"}],"predecessor-version":[{"id":14724,"href":"https:\/\/www.bibliotecadeseguranca.com.br\/fr\/wp-json\/wp\/v2\/posts\/14721\/revisions\/14724"}],"wp:featuredmedia":[{"embeddable":true,"href":"https:\/\/www.bibliotecadeseguranca.com.br\/fr\/wp-json\/wp\/v2\/media\/14722"}],"wp:attachment":[{"href":"https:\/\/www.bibliotecadeseguranca.com.br\/fr\/wp-json\/wp\/v2\/media?parent=14721"}],"wp:term":[{"taxonomy":"category","embeddable":true,"href":"https:\/\/www.bibliotecadeseguranca.com.br\/fr\/wp-json\/wp\/v2\/categories?post=14721"},{"taxonomy":"post_tag","embeddable":true,"href":"https:\/\/www.bibliotecadeseguranca.com.br\/fr\/wp-json\/wp\/v2\/tags?post=14721"}],"curies":[{"name":"wp","href":"https:\/\/api.w.org\/{rel}","templated":true}]}}