{"id":14718,"date":"2018-04-16T14:00:29","date_gmt":"2018-04-16T17:00:29","guid":{"rendered":"http:\/\/www.bibliotecadeseguranca.com.br\/fr\/?p=14718"},"modified":"2018-04-16T12:47:40","modified_gmt":"2018-04-16T15:47:40","slug":"gdpr-general-data-protection-regulation-consideracoes-iniciais","status":"publish","type":"post","link":"https:\/\/www.bibliotecadeseguranca.com.br\/fr\/livros\/gdpr-general-data-protection-regulation-consideracoes-iniciais\/","title":{"rendered":"GDPR &#8211; General Data Protection Regulation &#8211; Considera\u00e7\u00f5es iniciais"},"content":{"rendered":"<p><span style=\"color: #003366;\"><strong><img loading=\"lazy\" decoding=\"async\" class=\"alignleft size-full wp-image-14719\" src=\"http:\/\/www.bibliotecadeseguranca.com.br\/fr\/wp-content\/uploads\/2018\/04\/GDPR-General-Data-Protection-Regulation-Consideracoes-Iniciais-Edison-Fontes.jpg\" alt=\"GDPR - General Data Protection Regulation - Considera\u00e7\u00f5es iniciais\" width=\"145\" height=\"204\" srcset=\"https:\/\/www.bibliotecadeseguranca.com.br\/fr\/wp-content\/uploads\/2018\/04\/GDPR-General-Data-Protection-Regulation-Consideracoes-Iniciais-Edison-Fontes.jpg 145w, https:\/\/www.bibliotecadeseguranca.com.br\/fr\/wp-content\/uploads\/2018\/04\/GDPR-General-Data-Protection-Regulation-Consideracoes-Iniciais-Edison-Fontes-107x150.jpg 107w\" sizes=\"auto, (max-width: 145px) 100vw, 145px\" \/>Prof. Ms. Edison Fontes, CISM, CISA, CRISC<\/strong><\/span><\/p>\n<p><span style=\"color: #003366;\"><strong>R\u00e9sum\u00e9:<\/strong><\/span> Apesar de ser uma legisla\u00e7\u00e3o da Uni\u00e3o Europeia, este regulamento apresenta caracter\u00edsticas que afetam um universo maior. Este assunto merece um tempo e um texto longo, al\u00e9m do que v\u00e1rias horas de debates. Para facilitar, apresento neste documento as principais diretrizes que voc\u00ea como executivo de uma organiza\u00e7\u00e3o (CEO, CFO, CIO, CISO) precisa conhecer e avaliar como a sua organiza\u00e7\u00e3o est\u00e1 tratando este tema.<\/p>\n<p>O impacto do GDPR pode ser comparado com a Lei Sarbanes-Oxley dos USA, que afetou empresas de v\u00e1rios pa\u00edses. Muitas empresas querem negociar com os USA e para tanto devem estar adequadas \u00e1 esta lei. Tem executivos brasileiros (e de outros pa\u00edses) que n\u00e3o podem passear nos USA sob pena de serem detidos.<\/p>\n<p>As defini\u00e7\u00f5es que descrevo neste documento est\u00e3o baseadas no Regulamento (UE) 2016\/679 do Parlamento Europeu e do Conselho de 27 de abril de 2016, que possui cerca de noventa p\u00e1ginas. Por\u00e9m, apresento as mesmas de uma maneira mais simples baseado na minha experi\u00eancia profissional e no estudo do assunto.<\/p>\n<p><a href=\"http:\/\/www.bibliotecadeseguranca.com.br\/wp-content\/uploads\/2018\/04\/GDPR-General-Data-Protection-Regulation-Consideracoes-Iniciais-Edison-Fontes.pdf\" target=\"_blank\" rel=\"noopener\"><img loading=\"lazy\" decoding=\"async\" class=\"alignleft wp-image-12143 size-full\" src=\"http:\/\/www.bibliotecadeseguranca.com.br\/fr\/wp-content\/uploads\/2015\/03\/download_fr.gif\" alt=\"T\u00e9l\u00e9charger\" width=\"107\" height=\"25\" \/><\/a><\/p>\n","protected":false},"excerpt":{"rendered":"<p>Prof. Ms. Edison Fontes, CISM, CISA, CRISC R\u00e9sum\u00e9: Apesar de ser uma legisla\u00e7\u00e3o da Uni\u00e3o Europeia, este regulamento apresenta caracter\u00edsticas que afetam um universo maior. Este assunto merece um tempo e um texto longo, al\u00e9m do que v\u00e1rias horas de debates. Para facilitar, apresento neste documento as principais diretrizes que voc\u00ea como executivo de uma organiza\u00e7\u00e3o (CEO, CFO, CIO, CISO) precisa conhecer e avaliar como a sua organiza\u00e7\u00e3o est\u00e1 tratando&hellip; <\/p>\n","protected":false},"author":3,"featured_media":14719,"comment_status":"open","ping_status":"closed","sticky":false,"template":"","format":"standard","meta":{"footnotes":""},"categories":[6,20,112],"tags":[],"class_list":["post-14718","post","type-post","status-publish","format-standard","has-post-thumbnail","hentry","category-livros","category-seguranca-da-informacao","category-download"],"views":478,"_links":{"self":[{"href":"https:\/\/www.bibliotecadeseguranca.com.br\/fr\/wp-json\/wp\/v2\/posts\/14718","targetHints":{"allow":["GET"]}}],"collection":[{"href":"https:\/\/www.bibliotecadeseguranca.com.br\/fr\/wp-json\/wp\/v2\/posts"}],"about":[{"href":"https:\/\/www.bibliotecadeseguranca.com.br\/fr\/wp-json\/wp\/v2\/types\/post"}],"author":[{"embeddable":true,"href":"https:\/\/www.bibliotecadeseguranca.com.br\/fr\/wp-json\/wp\/v2\/users\/3"}],"replies":[{"embeddable":true,"href":"https:\/\/www.bibliotecadeseguranca.com.br\/fr\/wp-json\/wp\/v2\/comments?post=14718"}],"version-history":[{"count":1,"href":"https:\/\/www.bibliotecadeseguranca.com.br\/fr\/wp-json\/wp\/v2\/posts\/14718\/revisions"}],"predecessor-version":[{"id":14720,"href":"https:\/\/www.bibliotecadeseguranca.com.br\/fr\/wp-json\/wp\/v2\/posts\/14718\/revisions\/14720"}],"wp:featuredmedia":[{"embeddable":true,"href":"https:\/\/www.bibliotecadeseguranca.com.br\/fr\/wp-json\/wp\/v2\/media\/14719"}],"wp:attachment":[{"href":"https:\/\/www.bibliotecadeseguranca.com.br\/fr\/wp-json\/wp\/v2\/media?parent=14718"}],"wp:term":[{"taxonomy":"category","embeddable":true,"href":"https:\/\/www.bibliotecadeseguranca.com.br\/fr\/wp-json\/wp\/v2\/categories?post=14718"},{"taxonomy":"post_tag","embeddable":true,"href":"https:\/\/www.bibliotecadeseguranca.com.br\/fr\/wp-json\/wp\/v2\/tags?post=14718"}],"curies":[{"name":"wp","href":"https:\/\/api.w.org\/{rel}","templated":true}]}}