{"id":14699,"date":"2018-04-09T14:00:27","date_gmt":"2018-04-09T17:00:27","guid":{"rendered":"http:\/\/www.bibliotecadeseguranca.com.br\/fr\/?p=14699"},"modified":"2018-04-09T13:17:55","modified_gmt":"2018-04-09T16:17:55","slug":"politicas-municipais-de-prevencao-a-violencia-no-brasil","status":"publish","type":"post","link":"https:\/\/www.bibliotecadeseguranca.com.br\/fr\/livros\/politicas-municipais-de-prevencao-a-violencia-no-brasil\/","title":{"rendered":"Pol\u00edticas Municipais de Preven\u00e7\u00e3o \u00e0 Viol\u00eancia no Brasil"},"content":{"rendered":"<p><span style=\"color: #003366;\"><strong><img loading=\"lazy\" decoding=\"async\" class=\"alignleft size-full wp-image-14700\" src=\"http:\/\/www.bibliotecadeseguranca.com.br\/fr\/wp-content\/uploads\/2018\/04\/politicas-municipais-de-prevencao-a-violencia-no-brasil.jpg\" alt=\"Pol\u00edticas Municipais de Preven\u00e7\u00e3o \u00e0 Viol\u00eancia no Brasil\" width=\"145\" height=\"193\" srcset=\"https:\/\/www.bibliotecadeseguranca.com.br\/fr\/wp-content\/uploads\/2018\/04\/politicas-municipais-de-prevencao-a-violencia-no-brasil.jpg 145w, https:\/\/www.bibliotecadeseguranca.com.br\/fr\/wp-content\/uploads\/2018\/04\/politicas-municipais-de-prevencao-a-violencia-no-brasil-113x150.jpg 113w\" sizes=\"auto, (max-width: 145px) 100vw, 145px\" \/>Marlene In\u00eas Spaniol<\/strong><\/span><\/p>\n<p><span style=\"color: #003366;\"><strong>Maison d&#8217;\u00e9dition EDIPUCRS<\/strong><\/span><\/p>\n<p><span style=\"color: #003366;\"><strong>R\u00e9sum\u00e9:<\/strong><\/span> A obra trata das pol\u00edticas municipais de preven\u00e7\u00e3o \u00e0 viol\u00eancia no Brasil, dos desafios enfrentados na sua implanta\u00e7\u00e3o e das experi\u00eancias pontuais no campo da seguran\u00e7a p\u00fablica, mais especificamente nos munic\u00edpios de Diadema\/SP e de Canoas\/RS que, de forma precursora, inovaram nesse campo, apresentando bons resultados nas incid\u00eancias criminais, na aproxima\u00e7\u00e3o com a comunidade e integra\u00e7\u00e3o entre os \u00f3rg\u00e3os federais, estaduais e municipais afins. A autora traz a import\u00e2ncia de uma presta\u00e7\u00e3o de servi\u00e7os de seguran\u00e7a p\u00fablica voltados ao exerc\u00edcio da cidadania, com respeito aos direitos humanos e que atuam de forma integrada entre os \u00f3rg\u00e3os policiais e a comunidade.<\/p>\n","protected":false},"excerpt":{"rendered":"<p>Marlene In\u00eas Spaniol Maison d&#8217;\u00e9dition EDIPUCRS R\u00e9sum\u00e9: A obra trata das pol\u00edticas municipais de preven\u00e7\u00e3o \u00e0 viol\u00eancia no Brasil, dos desafios enfrentados na sua implanta\u00e7\u00e3o e das experi\u00eancias pontuais no campo da seguran\u00e7a p\u00fablica, mais especificamente nos munic\u00edpios de Diadema\/SP e de Canoas\/RS que, de forma precursora, inovaram nesse campo, apresentando bons resultados nas incid\u00eancias criminais, na aproxima\u00e7\u00e3o com a comunidade e integra\u00e7\u00e3o entre os \u00f3rg\u00e3os federais, estaduais e municipais&hellip; <\/p>\n","protected":false},"author":3,"featured_media":0,"comment_status":"open","ping_status":"closed","sticky":false,"template":"","format":"standard","meta":{"footnotes":""},"categories":[6,25],"tags":[],"class_list":["post-14699","post","type-post","status-publish","format-standard","hentry","category-livros","category-seguranca-publica-e-defesa"],"views":397,"_links":{"self":[{"href":"https:\/\/www.bibliotecadeseguranca.com.br\/fr\/wp-json\/wp\/v2\/posts\/14699","targetHints":{"allow":["GET"]}}],"collection":[{"href":"https:\/\/www.bibliotecadeseguranca.com.br\/fr\/wp-json\/wp\/v2\/posts"}],"about":[{"href":"https:\/\/www.bibliotecadeseguranca.com.br\/fr\/wp-json\/wp\/v2\/types\/post"}],"author":[{"embeddable":true,"href":"https:\/\/www.bibliotecadeseguranca.com.br\/fr\/wp-json\/wp\/v2\/users\/3"}],"replies":[{"embeddable":true,"href":"https:\/\/www.bibliotecadeseguranca.com.br\/fr\/wp-json\/wp\/v2\/comments?post=14699"}],"version-history":[{"count":1,"href":"https:\/\/www.bibliotecadeseguranca.com.br\/fr\/wp-json\/wp\/v2\/posts\/14699\/revisions"}],"predecessor-version":[{"id":14701,"href":"https:\/\/www.bibliotecadeseguranca.com.br\/fr\/wp-json\/wp\/v2\/posts\/14699\/revisions\/14701"}],"wp:attachment":[{"href":"https:\/\/www.bibliotecadeseguranca.com.br\/fr\/wp-json\/wp\/v2\/media?parent=14699"}],"wp:term":[{"taxonomy":"category","embeddable":true,"href":"https:\/\/www.bibliotecadeseguranca.com.br\/fr\/wp-json\/wp\/v2\/categories?post=14699"},{"taxonomy":"post_tag","embeddable":true,"href":"https:\/\/www.bibliotecadeseguranca.com.br\/fr\/wp-json\/wp\/v2\/tags?post=14699"}],"curies":[{"name":"wp","href":"https:\/\/api.w.org\/{rel}","templated":true}]}}