{"id":14690,"date":"2018-04-05T14:00:39","date_gmt":"2018-04-05T17:00:39","guid":{"rendered":"http:\/\/www.bibliotecadeseguranca.com.br\/fr\/?p=14690"},"modified":"2018-04-05T12:51:55","modified_gmt":"2018-04-05T15:51:55","slug":"vivendo-no-fogo-cruzado","status":"publish","type":"post","link":"https:\/\/www.bibliotecadeseguranca.com.br\/fr\/livros\/vivendo-no-fogo-cruzado\/","title":{"rendered":"Vivendo no Fogo Cruzado"},"content":{"rendered":"<p><span style=\"color: #003366;\"><strong><img loading=\"lazy\" decoding=\"async\" class=\"alignleft size-full wp-image-14691\" src=\"http:\/\/www.bibliotecadeseguranca.com.br\/fr\/wp-content\/uploads\/2018\/04\/vivendo-no-fogo-cruzado.jpg\" alt=\"Vivendo no Fogo Cruzado\" width=\"145\" height=\"222\" srcset=\"https:\/\/www.bibliotecadeseguranca.com.br\/fr\/wp-content\/uploads\/2018\/04\/vivendo-no-fogo-cruzado.jpg 145w, https:\/\/www.bibliotecadeseguranca.com.br\/fr\/wp-content\/uploads\/2018\/04\/vivendo-no-fogo-cruzado-98x150.jpg 98w\" sizes=\"auto, (max-width: 145px) 100vw, 145px\" \/>Maria Helena Moreira Alves, Philip Evanson<\/strong><\/span><\/p>\n<p><span style=\"color: #003366;\"><strong>Maison d&#8217;\u00e9dition Unesp<\/strong><\/span><\/p>\n<p><span style=\"color: #003366;\"><strong>R\u00e9sum\u00e9:<\/strong><\/span> Retrato vivo do violento processo de tentativa do governo do Rio de Janeiro de retomar territ\u00f3rios da criminalidade nos \u00faltimos anos, esta obra, ilustrada com fotografias de Carlos Latuff, contesta a pol\u00edtica de confronto com os marginais e traficantes, empregada ainda hoje pela Pol\u00edcia Militar fluminense. Os autores trazem \u00e0 luz o cotidiano de terror das comunidades expostas simultaneamente \u00e0 trucul\u00eancia da PM, das mil\u00edcias e dos traficantes, apontando ainda a resist\u00eancia dos governadores \u00e0s diretrizes do Programa Nacional de Seguran\u00e7a P\u00fablica com Cidadania (Pronasci), que disponibiliza recursos do governo federal paraos estados investirem na \u00e1rea.<br \/>\nO livro tamb\u00e9m prop\u00f5e rumos poss\u00edveis para a seguran\u00e7a p\u00fablica no pa\u00eds, a partir de experi\u00eancias internas e do exterior, como algumas das a\u00e7\u00f5es do pr\u00f3prio Pronasci e a proposta do relator especial das Na\u00e7\u00f5es Unidas, Philip Alston, de abolir a PM e substitu\u00ed-la por uma nova for\u00e7a policial para servir, em vez de reprimir, a popula\u00e7\u00e3o.<\/p>\n<p>Antes, por\u00e9m, apresenta um relato hist\u00f3rico da seguran\u00e7a p\u00fablica no pa\u00eds, particularmente no Rio de Janeiro. Retoma a origem remota da PM, filha da guarda real, nascida por decreto assinado pelo pr\u00edncipe regente D. Jo\u00e3o VI em 1809. Explica como o papel da corpora\u00e7\u00e3o, de policiar ruas e proteger a popula\u00e7\u00e3o, inverteu-se a partir da ditadura civil-militar (1964-1985), quando a PM passou a servir o estado no combate ao \u201cinimigo interno\u201d, ou seja, os opositores do regime. E mostra que ap\u00f3s a redemocratiza\u00e7\u00e3o a pol\u00edcia adotou um novo \u201cinimigo interno\u201d, os traficantes de drogas, mantendo a mesma mentalidade entronizada durante o regime de exce\u00e7\u00e3o.<\/p>\n<p>O livro avalia as pol\u00edticas de seguran\u00e7a adotadas pelos governadores do Rio de Janeiro desde a redemocratiza\u00e7\u00e3o, enfatizando avan\u00e7os e recuos, sempre relacionados a interesses pol\u00edticos, em rela\u00e7\u00e3o ao foco em direitos humanos, e questionando o futuro das Unidades de Pol\u00edcia Pacificadora (UPPs), at\u00e9 agora institu\u00eddas somente nas favelas da zona sul da cidade maravilhosa, as menos violentas e mais pr\u00f3ximas dos bairros de classe m\u00e9dia.<\/p>\n<p>Por meio de depoimentos dos pr\u00f3prios moradores das favelas e l\u00edderes comunit\u00e1rios, os autores mostram o terror a que eles est\u00e3o submetidos, sem deixar de apontar a precariedade e o medo que predomina tamb\u00e9m entre os policiais \u2013 mal remunerados e mal preparados. Integram o livro ainda entrevistas com especialistas em seguran\u00e7a p\u00fablica e pol\u00edticos, como Lula, quando ele ainda era presidente, Fernando Henrique Cardoso e o governador S\u00e9rgio Cabral. Paulo S\u00e9rio Pinheiro assina o pref\u00e1cio: \u201cDepois da publica\u00e7\u00e3o dos resultados desta monumental pesquisa ningu\u00e9m poder\u00e1 alegar n\u00e3o saber o que aconteceu (e o que continua acontecendo) durante a ocupa\u00e7\u00e3o militar dos morros e comunidades populares na Cidade Maravilhosa\u201d.<\/p>\n","protected":false},"excerpt":{"rendered":"<p>Maria Helena Moreira Alves, Philip Evanson Maison d&#8217;\u00e9dition Unesp R\u00e9sum\u00e9: Retrato vivo do violento processo de tentativa do governo do Rio de Janeiro de retomar territ\u00f3rios da criminalidade nos \u00faltimos anos, esta obra, ilustrada com fotografias de Carlos Latuff, contesta a pol\u00edtica de confronto com os marginais e traficantes, empregada ainda hoje pela Pol\u00edcia Militar fluminense. Os autores trazem \u00e0 luz o cotidiano de terror das comunidades expostas simultaneamente \u00e0&hellip; <\/p>\n","protected":false},"author":3,"featured_media":14691,"comment_status":"open","ping_status":"closed","sticky":false,"template":"","format":"standard","meta":{"footnotes":""},"categories":[6,25],"tags":[],"class_list":["post-14690","post","type-post","status-publish","format-standard","has-post-thumbnail","hentry","category-livros","category-seguranca-publica-e-defesa"],"views":258,"_links":{"self":[{"href":"https:\/\/www.bibliotecadeseguranca.com.br\/fr\/wp-json\/wp\/v2\/posts\/14690","targetHints":{"allow":["GET"]}}],"collection":[{"href":"https:\/\/www.bibliotecadeseguranca.com.br\/fr\/wp-json\/wp\/v2\/posts"}],"about":[{"href":"https:\/\/www.bibliotecadeseguranca.com.br\/fr\/wp-json\/wp\/v2\/types\/post"}],"author":[{"embeddable":true,"href":"https:\/\/www.bibliotecadeseguranca.com.br\/fr\/wp-json\/wp\/v2\/users\/3"}],"replies":[{"embeddable":true,"href":"https:\/\/www.bibliotecadeseguranca.com.br\/fr\/wp-json\/wp\/v2\/comments?post=14690"}],"version-history":[{"count":1,"href":"https:\/\/www.bibliotecadeseguranca.com.br\/fr\/wp-json\/wp\/v2\/posts\/14690\/revisions"}],"predecessor-version":[{"id":14692,"href":"https:\/\/www.bibliotecadeseguranca.com.br\/fr\/wp-json\/wp\/v2\/posts\/14690\/revisions\/14692"}],"wp:featuredmedia":[{"embeddable":true,"href":"https:\/\/www.bibliotecadeseguranca.com.br\/fr\/wp-json\/wp\/v2\/media\/14691"}],"wp:attachment":[{"href":"https:\/\/www.bibliotecadeseguranca.com.br\/fr\/wp-json\/wp\/v2\/media?parent=14690"}],"wp:term":[{"taxonomy":"category","embeddable":true,"href":"https:\/\/www.bibliotecadeseguranca.com.br\/fr\/wp-json\/wp\/v2\/categories?post=14690"},{"taxonomy":"post_tag","embeddable":true,"href":"https:\/\/www.bibliotecadeseguranca.com.br\/fr\/wp-json\/wp\/v2\/tags?post=14690"}],"curies":[{"name":"wp","href":"https:\/\/api.w.org\/{rel}","templated":true}]}}