{"id":14638,"date":"2018-03-13T14:00:40","date_gmt":"2018-03-13T17:00:40","guid":{"rendered":"http:\/\/www.bibliotecadeseguranca.com.br\/fr\/?p=14638"},"modified":"2018-03-13T13:07:10","modified_gmt":"2018-03-13T16:07:10","slug":"jornal-da-seguranca-no-281","status":"publish","type":"post","link":"https:\/\/www.bibliotecadeseguranca.com.br\/fr\/periodicos-de-seguranca\/jornal-da-seguranca-no-281\/","title":{"rendered":"Jornal da Seguran\u00e7a &#8211; N\u00ba 281"},"content":{"rendered":"<p><img loading=\"lazy\" decoding=\"async\" class=\"alignleft size-full wp-image-14639\" src=\"http:\/\/www.bibliotecadeseguranca.com.br\/fr\/wp-content\/uploads\/2018\/03\/jornal-da-seguranca-n-281.jpg\" alt=\"Jornal da Seguran\u00e7a - N\u00ba 281\" width=\"145\" height=\"205\" srcset=\"https:\/\/www.bibliotecadeseguranca.com.br\/fr\/wp-content\/uploads\/2018\/03\/jornal-da-seguranca-n-281.jpg 145w, https:\/\/www.bibliotecadeseguranca.com.br\/fr\/wp-content\/uploads\/2018\/03\/jornal-da-seguranca-n-281-106x150.jpg 106w\" sizes=\"auto, (max-width: 145px) 100vw, 145px\" \/>Caros amigos,<\/p>\n<p>Um novo ano se inicia e com ele nossas esperan\u00e7as de novos horizontes e vit\u00f3rias se revitaliza uma vez mais. As estimativas para uma mudan\u00e7a de cen\u00e1rio em rela\u00e7\u00e3o aos \u00faltimos dois anos s\u00e3o positivas e devemos seguir em frente, confiando, mas fazendo nossa parte sempre, pois n\u00f3s devemos fazer as mudan\u00e7as que desejamos que aconte\u00e7am. Como profissional da \u00e1rea de seguran\u00e7a e editor deste jornal tive a oportunidade de conhecer in\u00fameros sucessos comerciais de empresas e profissionais que se destacaram ao longo dos \u00faltimos meses, e portanto, desejo contagiar \u00e0 todos com o otimismo que testemunhei nestas iniciativas pessoais e corporativas, ensejando que todos acreditem que tamb\u00e9m podem vencer. Nesta primeira edi\u00e7\u00e3o do ano estamos trazendo dois excelentes artigos sobre Compliance que nos ajudar\u00e3o a nos posicionar melhor nestes tempos de corrup\u00e7\u00e3o, fraudes e falta de \u00e9tica. Tamb\u00e9m abordamos a &#8220;Disruptura dos Modelos de Seguran\u00e7a Corporativa&#8221; no cen\u00e1rio atual, e a &#8220;Vis\u00e3o de Estrategista do Gestor de Seguran\u00e7a neste S\u00e9culo XXI&#8221;. Confira os \u00faltimos dados do Roubo de Cargas e seus efeitos na Cadeia Log\u00edstica Farmac\u00eautica em uma entrevista exclusiva com o Dr. Saulo de Carvalho Junior &#8211; Presidente da ANFARLOG &#8211; Associa\u00e7\u00e3o Nacional de Farmac\u00eauticos Atuantes em Log\u00edstica. Repito o mantra da \u00faltima edi\u00e7\u00e3o de 2017. Vamos fazer mais e vamos vencer.<\/p>\n<p>Feliz 2018 para todos! Boa leitura!<\/p>\n<p>Aureo Miraglia de Almeida &#8211; Editor<\/p>\n<p><img loading=\"lazy\" decoding=\"async\" class=\"alignleft size-full wp-image-12143\" src=\"http:\/\/www.bibliotecadeseguranca.com.br\/fr\/wp-content\/uploads\/2015\/03\/download_fr.gif\" alt=\"T\u00e9l\u00e9charger\" width=\"107\" height=\"25\" \/><\/p>\n","protected":false},"excerpt":{"rendered":"<p>Caros amigos, Um novo ano se inicia e com ele nossas esperan\u00e7as de novos horizontes e vit\u00f3rias se revitaliza uma vez mais. As estimativas para uma mudan\u00e7a de cen\u00e1rio em rela\u00e7\u00e3o aos \u00faltimos dois anos s\u00e3o positivas e devemos seguir em frente, confiando, mas fazendo nossa parte sempre, pois n\u00f3s devemos fazer as mudan\u00e7as que desejamos que aconte\u00e7am. Como profissional da \u00e1rea de seguran\u00e7a e editor deste jornal tive a&hellip; <\/p>\n","protected":false},"author":3,"featured_media":14639,"comment_status":"open","ping_status":"closed","sticky":false,"template":"","format":"standard","meta":{"footnotes":""},"categories":[71,123,112],"tags":[],"class_list":["post-14638","post","type-post","status-publish","format-standard","has-post-thumbnail","hentry","category-periodicos-de-seguranca","category-jornal-da-seguranca","category-download"],"views":392,"_links":{"self":[{"href":"https:\/\/www.bibliotecadeseguranca.com.br\/fr\/wp-json\/wp\/v2\/posts\/14638","targetHints":{"allow":["GET"]}}],"collection":[{"href":"https:\/\/www.bibliotecadeseguranca.com.br\/fr\/wp-json\/wp\/v2\/posts"}],"about":[{"href":"https:\/\/www.bibliotecadeseguranca.com.br\/fr\/wp-json\/wp\/v2\/types\/post"}],"author":[{"embeddable":true,"href":"https:\/\/www.bibliotecadeseguranca.com.br\/fr\/wp-json\/wp\/v2\/users\/3"}],"replies":[{"embeddable":true,"href":"https:\/\/www.bibliotecadeseguranca.com.br\/fr\/wp-json\/wp\/v2\/comments?post=14638"}],"version-history":[{"count":1,"href":"https:\/\/www.bibliotecadeseguranca.com.br\/fr\/wp-json\/wp\/v2\/posts\/14638\/revisions"}],"predecessor-version":[{"id":14640,"href":"https:\/\/www.bibliotecadeseguranca.com.br\/fr\/wp-json\/wp\/v2\/posts\/14638\/revisions\/14640"}],"wp:featuredmedia":[{"embeddable":true,"href":"https:\/\/www.bibliotecadeseguranca.com.br\/fr\/wp-json\/wp\/v2\/media\/14639"}],"wp:attachment":[{"href":"https:\/\/www.bibliotecadeseguranca.com.br\/fr\/wp-json\/wp\/v2\/media?parent=14638"}],"wp:term":[{"taxonomy":"category","embeddable":true,"href":"https:\/\/www.bibliotecadeseguranca.com.br\/fr\/wp-json\/wp\/v2\/categories?post=14638"},{"taxonomy":"post_tag","embeddable":true,"href":"https:\/\/www.bibliotecadeseguranca.com.br\/fr\/wp-json\/wp\/v2\/tags?post=14638"}],"curies":[{"name":"wp","href":"https:\/\/api.w.org\/{rel}","templated":true}]}}