{"id":14626,"date":"2018-03-09T14:00:06","date_gmt":"2018-03-09T17:00:06","guid":{"rendered":"http:\/\/www.bibliotecadeseguranca.com.br\/fr\/?p=14626"},"modified":"2018-03-09T13:18:23","modified_gmt":"2018-03-09T16:18:23","slug":"police-et-justice-a-lepreuve-de-la-nouvelle-gestion-publique","status":"publish","type":"post","link":"https:\/\/www.bibliotecadeseguranca.com.br\/fr\/livros\/police-et-justice-a-lepreuve-de-la-nouvelle-gestion-publique\/","title":{"rendered":"Police et justice \u00e0 l&#8217;\u00e9preuve de la nouvelle gestion publique"},"content":{"rendered":"<p><span style=\"color: #003366;\"><strong><img loading=\"lazy\" decoding=\"async\" class=\"alignleft size-full wp-image-14627\" src=\"http:\/\/www.bibliotecadeseguranca.com.br\/fr\/wp-content\/uploads\/2018\/03\/police-et-justice-a-lepreuve-de-la-nouvelle-gestion-publique.jpg\" alt=\"Police et justice \u00e0 l'\u00e9preuve de la nouvelle gestion publique\" width=\"145\" height=\"189\" srcset=\"https:\/\/www.bibliotecadeseguranca.com.br\/fr\/wp-content\/uploads\/2018\/03\/police-et-justice-a-lepreuve-de-la-nouvelle-gestion-publique.jpg 145w, https:\/\/www.bibliotecadeseguranca.com.br\/fr\/wp-content\/uploads\/2018\/03\/police-et-justice-a-lepreuve-de-la-nouvelle-gestion-publique-115x150.jpg 115w\" sizes=\"auto, (max-width: 145px) 100vw, 145px\" \/>Institut national des hautes \u00e9tudes de la s\u00e9curit\u00e9 et de la justice (INHESJ)<\/strong><\/span><\/p>\n<p><span style=\"color: #003366;\"><strong>Maison d&#8217;\u00e9dition La Documentation fran\u00e7aise<\/strong><\/span><\/p>\n<p><span style=\"color: #003366;\"><strong>R\u00e9sum\u00e9:<\/strong><\/span> Dans le cadre de la rationalisation des services publics, la police et la justice ont \u00e9t\u00e9 amen\u00e9s \u00e0 revoir leurs m\u00e9thodes d&#8217;organisation et de coop\u00e9ration. Les Cahiers de la s\u00e9curit\u00e9 et de la justice ont \u00e9t\u00e9 amen\u00e9s plusieurs fois d\u00e9j\u00e0 \u00e0 traiter de ce sujet. La nouvelle gestion publique mise en place progressivement justifie ce nouveau dossier dans une approche europ\u00e9enne avec une place particuli\u00e8re accord\u00e9e aux belges et aux britanniques.<\/p>\n","protected":false},"excerpt":{"rendered":"<p>Institut national des hautes \u00e9tudes de la s\u00e9curit\u00e9 et de la justice (INHESJ) Maison d&#8217;\u00e9dition La Documentation fran\u00e7aise R\u00e9sum\u00e9: Dans le cadre de la rationalisation des services publics, la police et la justice ont \u00e9t\u00e9 amen\u00e9s \u00e0 revoir leurs m\u00e9thodes d&#8217;organisation et de coop\u00e9ration. Les Cahiers de la s\u00e9curit\u00e9 et de la justice ont \u00e9t\u00e9 amen\u00e9s plusieurs fois d\u00e9j\u00e0 \u00e0 traiter de ce sujet. La nouvelle gestion publique mise en&hellip; <\/p>\n","protected":false},"author":3,"featured_media":14627,"comment_status":"open","ping_status":"closed","sticky":false,"template":"","format":"standard","meta":{"footnotes":""},"categories":[109,6,25],"tags":[],"class_list":["post-14626","post","type-post","status-publish","format-standard","has-post-thumbnail","hentry","category-francais","category-livros","category-seguranca-publica-e-defesa"],"views":240,"_links":{"self":[{"href":"https:\/\/www.bibliotecadeseguranca.com.br\/fr\/wp-json\/wp\/v2\/posts\/14626","targetHints":{"allow":["GET"]}}],"collection":[{"href":"https:\/\/www.bibliotecadeseguranca.com.br\/fr\/wp-json\/wp\/v2\/posts"}],"about":[{"href":"https:\/\/www.bibliotecadeseguranca.com.br\/fr\/wp-json\/wp\/v2\/types\/post"}],"author":[{"embeddable":true,"href":"https:\/\/www.bibliotecadeseguranca.com.br\/fr\/wp-json\/wp\/v2\/users\/3"}],"replies":[{"embeddable":true,"href":"https:\/\/www.bibliotecadeseguranca.com.br\/fr\/wp-json\/wp\/v2\/comments?post=14626"}],"version-history":[{"count":1,"href":"https:\/\/www.bibliotecadeseguranca.com.br\/fr\/wp-json\/wp\/v2\/posts\/14626\/revisions"}],"predecessor-version":[{"id":14628,"href":"https:\/\/www.bibliotecadeseguranca.com.br\/fr\/wp-json\/wp\/v2\/posts\/14626\/revisions\/14628"}],"wp:featuredmedia":[{"embeddable":true,"href":"https:\/\/www.bibliotecadeseguranca.com.br\/fr\/wp-json\/wp\/v2\/media\/14627"}],"wp:attachment":[{"href":"https:\/\/www.bibliotecadeseguranca.com.br\/fr\/wp-json\/wp\/v2\/media?parent=14626"}],"wp:term":[{"taxonomy":"category","embeddable":true,"href":"https:\/\/www.bibliotecadeseguranca.com.br\/fr\/wp-json\/wp\/v2\/categories?post=14626"},{"taxonomy":"post_tag","embeddable":true,"href":"https:\/\/www.bibliotecadeseguranca.com.br\/fr\/wp-json\/wp\/v2\/tags?post=14626"}],"curies":[{"name":"wp","href":"https:\/\/api.w.org\/{rel}","templated":true}]}}