{"id":14599,"date":"2018-02-26T14:00:09","date_gmt":"2018-02-26T17:00:09","guid":{"rendered":"http:\/\/www.bibliotecadeseguranca.com.br\/fr\/?p=14599"},"modified":"2018-02-26T11:35:19","modified_gmt":"2018-02-26T14:35:19","slug":"e-possivel-gestao-da-seguranca-publica-e-reducao-da-violencia","status":"publish","type":"post","link":"https:\/\/www.bibliotecadeseguranca.com.br\/fr\/livros\/e-possivel-gestao-da-seguranca-publica-e-reducao-da-violencia\/","title":{"rendered":"\u00c9 Poss\u00edvel &#8211; Gest\u00e3o da Seguran\u00e7a P\u00fablica e Redu\u00e7\u00e3o da Viol\u00eancia"},"content":{"rendered":"<p><span style=\"color: #003366;\"><strong><img loading=\"lazy\" decoding=\"async\" class=\"alignleft size-full wp-image-14600\" src=\"http:\/\/www.bibliotecadeseguranca.com.br\/fr\/wp-content\/uploads\/2018\/02\/e-possivel-gestao-da-seguranca-publica-e-reducao-da-violencia.jpg\" alt=\"\u00c9 Poss\u00edvel - Gest\u00e3o da Seguran\u00e7a P\u00fablica e Redu\u00e7\u00e3o da Viol\u00eancia\" width=\"145\" height=\"218\" srcset=\"https:\/\/www.bibliotecadeseguranca.com.br\/fr\/wp-content\/uploads\/2018\/02\/e-possivel-gestao-da-seguranca-publica-e-reducao-da-violencia.jpg 145w, https:\/\/www.bibliotecadeseguranca.com.br\/fr\/wp-content\/uploads\/2018\/02\/e-possivel-gestao-da-seguranca-publica-e-reducao-da-violencia-100x150.jpg 100w\" sizes=\"auto, (max-width: 145px) 100vw, 145px\" \/>Fernando Veloso, Sergio Guimar\u00e3es Ferreira<\/strong><\/span><\/p>\n<p><span style=\"color: #003366;\"><strong>Maison d&#8217;\u00e9dition Contracapa<\/strong><\/span><\/p>\n<p><span style=\"color: #003366;\"><strong>R\u00e9sum\u00e9:<\/strong><\/span> Este importante livro mostra que \u00e9 poss\u00edvel alcan\u00e7ar redu\u00e7\u00e3o expressiva da viol\u00eancia armada, da inseguran\u00e7a e da criminalidade que aterrorizam a popula\u00e7\u00e3o de grandes \u00e1reas urbanas do Brasil. Seus autores mostram \u2013 com fatos e n\u00e3o vagos discursos \u2013 que isso n\u00e3o se trata de uma esperan\u00e7a insensata. N\u00e3o apenas porque foi alcan\u00e7ado em Nova York, Boston, Bogot\u00e1 e v\u00e1rias outras cidades do mundo, mas principalmente porque, no Brasil, reduziu-se a viol\u00eancia em lugares em que isso era mais improv\u00e1vel: no Jardim \u00c2ngela, bairro da periferia da cidade de S\u00e3o Paulo que chegou a ser considerado o bairro mais violento do mundo, e em Diadema, que deixou de ser em quatro anos a cidade mais violenta de S\u00e3o Paulo, passando a ocupar o 18\u00ba posto.<br \/>\nTodos os autores dos trabalhos aqui reunidos t\u00eam, sem exce\u00e7\u00e3o, profunda cons\u00adci\u00eancia de que n\u00e3o \u00e9, nunca foi e jamais ser\u00e1 f\u00e1cil envolver as comunidades, os tr\u00eas n\u00edveis do Executivo, o Judici\u00e1rio, o Legislativo e o Minist\u00e9rio Publico em a\u00e7\u00f5es estrat\u00e9gicas que se mantenham ao longo do tempo: pol\u00edticas de Estado e n\u00e3o de governos de turno. Sabem tamb\u00e9m da import\u00e2ncia crucial, em quaisquer a\u00e7\u00f5es estrat\u00e9gicas, do grau de preparo, profissionalismo, treinamento, capacidade de processar informa\u00e7\u00f5es e, principalmente, integridade e efic\u00e1cia das pol\u00edcias, por meio dos quais um Estado legalmente constitu\u00eddo exerce o que deveria ser \u2013 em nosso caso, n\u00e3o o \u00e9 \u2013 o monop\u00f3lio do uso da viol\u00eancia armada.<br \/>\nHoje, o poder do Estado em muitas \u00e1reas urbanas do pa\u00eds \u00e9, de facto, contestado pela bandidagem criminosa, o verdadeiro \u201cpoder do lugar\u201d em muitas comunidades e espa\u00e7os que deveriam ser p\u00fablicos. A retomada, mesmo gradual, de territ\u00f3rios e espa\u00e7os urbanos ocupados pela bandidagem armada \u00e9, portanto, condi\u00e7\u00e3o necess\u00e1ria, mas n\u00e3o suficiente, para a redu\u00e7\u00e3o expressiva de nossos ainda alarmantes indicadores de viol\u00eancia armada e inseguran\u00e7a urbana.<br \/>\nSe voc\u00ea n\u00e3o pretende se deixar levar pelo desencanto, pela frustra\u00e7\u00e3o, pelo ceticismo e pela desesperan\u00e7a, leia este livro. Entender\u00e1, com base em experi\u00eancias reais, que \u00e9 poss\u00edvel, sem ilus\u00f5es voluntaristas, apelos messi\u00e2nicos e excessos e abusos no exerc\u00edcio da autoridade do Estado, mostrar aos bandidos armados que essa \u00e9 uma longa guerra de muitas batalhas, mas que, ao fim e ao cabo, eles n\u00e3o s\u00f3 n\u00e3o podem ganh\u00e1-la, como a est\u00e3o perdendo \u2013 e a perder\u00e3o.<br \/>\nPedro Malan<\/p>\n","protected":false},"excerpt":{"rendered":"<p>Fernando Veloso, Sergio Guimar\u00e3es Ferreira Maison d&#8217;\u00e9dition Contracapa R\u00e9sum\u00e9: Este importante livro mostra que \u00e9 poss\u00edvel alcan\u00e7ar redu\u00e7\u00e3o expressiva da viol\u00eancia armada, da inseguran\u00e7a e da criminalidade que aterrorizam a popula\u00e7\u00e3o de grandes \u00e1reas urbanas do Brasil. Seus autores mostram \u2013 com fatos e n\u00e3o vagos discursos \u2013 que isso n\u00e3o se trata de uma esperan\u00e7a insensata. N\u00e3o apenas porque foi alcan\u00e7ado em Nova York, Boston, Bogot\u00e1 e v\u00e1rias outras&hellip; <\/p>\n","protected":false},"author":3,"featured_media":14600,"comment_status":"open","ping_status":"closed","sticky":false,"template":"","format":"standard","meta":{"footnotes":""},"categories":[6,25],"tags":[],"class_list":["post-14599","post","type-post","status-publish","format-standard","has-post-thumbnail","hentry","category-livros","category-seguranca-publica-e-defesa"],"views":184,"_links":{"self":[{"href":"https:\/\/www.bibliotecadeseguranca.com.br\/fr\/wp-json\/wp\/v2\/posts\/14599","targetHints":{"allow":["GET"]}}],"collection":[{"href":"https:\/\/www.bibliotecadeseguranca.com.br\/fr\/wp-json\/wp\/v2\/posts"}],"about":[{"href":"https:\/\/www.bibliotecadeseguranca.com.br\/fr\/wp-json\/wp\/v2\/types\/post"}],"author":[{"embeddable":true,"href":"https:\/\/www.bibliotecadeseguranca.com.br\/fr\/wp-json\/wp\/v2\/users\/3"}],"replies":[{"embeddable":true,"href":"https:\/\/www.bibliotecadeseguranca.com.br\/fr\/wp-json\/wp\/v2\/comments?post=14599"}],"version-history":[{"count":1,"href":"https:\/\/www.bibliotecadeseguranca.com.br\/fr\/wp-json\/wp\/v2\/posts\/14599\/revisions"}],"predecessor-version":[{"id":14601,"href":"https:\/\/www.bibliotecadeseguranca.com.br\/fr\/wp-json\/wp\/v2\/posts\/14599\/revisions\/14601"}],"wp:featuredmedia":[{"embeddable":true,"href":"https:\/\/www.bibliotecadeseguranca.com.br\/fr\/wp-json\/wp\/v2\/media\/14600"}],"wp:attachment":[{"href":"https:\/\/www.bibliotecadeseguranca.com.br\/fr\/wp-json\/wp\/v2\/media?parent=14599"}],"wp:term":[{"taxonomy":"category","embeddable":true,"href":"https:\/\/www.bibliotecadeseguranca.com.br\/fr\/wp-json\/wp\/v2\/categories?post=14599"},{"taxonomy":"post_tag","embeddable":true,"href":"https:\/\/www.bibliotecadeseguranca.com.br\/fr\/wp-json\/wp\/v2\/tags?post=14599"}],"curies":[{"name":"wp","href":"https:\/\/api.w.org\/{rel}","templated":true}]}}