{"id":14583,"date":"2018-02-19T14:00:11","date_gmt":"2018-02-19T17:00:11","guid":{"rendered":"http:\/\/www.bibliotecadeseguranca.com.br\/fr\/?p=14583"},"modified":"2018-02-19T13:00:51","modified_gmt":"2018-02-19T16:00:51","slug":"por-que-cresce-a-violencia-no-brasil","status":"publish","type":"post","link":"https:\/\/www.bibliotecadeseguranca.com.br\/fr\/livros\/por-que-cresce-a-violencia-no-brasil\/","title":{"rendered":"Por que cresce a viol\u00eancia no Brasil?"},"content":{"rendered":"<p><span style=\"color: #003366;\"><strong><img loading=\"lazy\" decoding=\"async\" class=\"alignleft size-full wp-image-14584\" src=\"http:\/\/www.bibliotecadeseguranca.com.br\/fr\/wp-content\/uploads\/2018\/02\/por-que-cresce-a-violencia-no-brasil.jpg\" alt=\"Por que cresce a viol\u00eancia no Brasil?\" width=\"145\" height=\"222\" srcset=\"https:\/\/www.bibliotecadeseguranca.com.br\/fr\/wp-content\/uploads\/2018\/02\/por-que-cresce-a-violencia-no-brasil.jpg 145w, https:\/\/www.bibliotecadeseguranca.com.br\/fr\/wp-content\/uploads\/2018\/02\/por-que-cresce-a-violencia-no-brasil-98x150.jpg 98w\" sizes=\"auto, (max-width: 145px) 100vw, 145px\" \/>Luis Flavio Sapori, Glaucio Ary Dillon Soares<\/strong><\/span><\/p>\n<p><span style=\"color: #003366;\"><strong>Maison d&#8217;\u00e9dition Aut\u00eantica<\/strong><\/span><\/p>\n<p><span style=\"color: #003366;\"><strong>R\u00e9sum\u00e9:<\/strong><\/span> O Brasil est\u00e1 entre os pa\u00edses mais violentos do mundo. A ocorr\u00eancia cotidiana de homic\u00eddios e assaltos atinge patamares inadmiss\u00edveis. E essa viol\u00eancia cresceu nas \u00faltimas d\u00e9cadas, sem dar sinais de tr\u00e9gua. O mais intrigante \u00e9 que a deteriora\u00e7\u00e3o da seguran\u00e7a p\u00fablica na sociedade brasileira est\u00e1 acontecendo paralelamente a significativos avan\u00e7os nos indicadores socioecon\u00f4micos, especialmente a partir dos anos 2000. Diminu\u00edmos a pobreza absoluta, o acesso \u00e0 educa\u00e7\u00e3o b\u00e1sica se universalizou, o acesso dos jovens mais pobres \u00e0 universidade foi ampliado, a taxa de analfabetismo diminuiu, a esperan\u00e7a de vida ao nascer foi incrementada e at\u00e9 a desigualdade na distribui\u00e7\u00e3o da renda nacional diminuiu. Al\u00e7amo-nos \u00e0 posi\u00e7\u00e3o de sexta economia do planeta, a infla\u00e7\u00e3o permaneceu relativamente controlada, o desemprego e a informalidade no mercado de trabalho ca\u00edram.<\/p>\n<p>Estamos vivenciando uma situa\u00e7\u00e3o inusitada: h\u00e1 menos pobres e mais crimes. Como explicar esse aparente paradoxo? Como \u00e9 poss\u00edvel uma sociedade que reduz a exclus\u00e3o social sofrer com o recrudescimento da viol\u00eancia? A proposta deste livro \u00e9 oferecer respostas a essas indaga\u00e7\u00f5es. Na verdade, n\u00e3o se trata de um paradoxo. O argumento defendido \u00e9 o de que a din\u00e2mica da viol\u00eancia na sociedade brasileira n\u00e3o \u00e9 mera deriva\u00e7\u00e3o da din\u00e2mica da estrutura socioecon\u00f4mica. Podemos reduzir a viol\u00eancia e nos tornar uma sociedade mais civilizada e pac\u00edfica se formos capazes de formular e implementar pol\u00edticas p\u00fablicas de controle da criminalidade consistentes. E para come\u00e7ar, \u00e9 primordial um diagn\u00f3stico mais preciso do fen\u00f4meno. Essa \u00e9 a principal contribui\u00e7\u00e3o deste livro.<\/p>\n","protected":false},"excerpt":{"rendered":"<p>Luis Flavio Sapori, Glaucio Ary Dillon Soares Maison d&#8217;\u00e9dition Aut\u00eantica R\u00e9sum\u00e9: O Brasil est\u00e1 entre os pa\u00edses mais violentos do mundo. A ocorr\u00eancia cotidiana de homic\u00eddios e assaltos atinge patamares inadmiss\u00edveis. E essa viol\u00eancia cresceu nas \u00faltimas d\u00e9cadas, sem dar sinais de tr\u00e9gua. O mais intrigante \u00e9 que a deteriora\u00e7\u00e3o da seguran\u00e7a p\u00fablica na sociedade brasileira est\u00e1 acontecendo paralelamente a significativos avan\u00e7os nos indicadores socioecon\u00f4micos, especialmente a partir dos anos&hellip; <\/p>\n","protected":false},"author":3,"featured_media":14584,"comment_status":"open","ping_status":"closed","sticky":false,"template":"","format":"standard","meta":{"footnotes":""},"categories":[6,25],"tags":[],"class_list":["post-14583","post","type-post","status-publish","format-standard","has-post-thumbnail","hentry","category-livros","category-seguranca-publica-e-defesa"],"views":178,"_links":{"self":[{"href":"https:\/\/www.bibliotecadeseguranca.com.br\/fr\/wp-json\/wp\/v2\/posts\/14583","targetHints":{"allow":["GET"]}}],"collection":[{"href":"https:\/\/www.bibliotecadeseguranca.com.br\/fr\/wp-json\/wp\/v2\/posts"}],"about":[{"href":"https:\/\/www.bibliotecadeseguranca.com.br\/fr\/wp-json\/wp\/v2\/types\/post"}],"author":[{"embeddable":true,"href":"https:\/\/www.bibliotecadeseguranca.com.br\/fr\/wp-json\/wp\/v2\/users\/3"}],"replies":[{"embeddable":true,"href":"https:\/\/www.bibliotecadeseguranca.com.br\/fr\/wp-json\/wp\/v2\/comments?post=14583"}],"version-history":[{"count":1,"href":"https:\/\/www.bibliotecadeseguranca.com.br\/fr\/wp-json\/wp\/v2\/posts\/14583\/revisions"}],"predecessor-version":[{"id":14585,"href":"https:\/\/www.bibliotecadeseguranca.com.br\/fr\/wp-json\/wp\/v2\/posts\/14583\/revisions\/14585"}],"wp:featuredmedia":[{"embeddable":true,"href":"https:\/\/www.bibliotecadeseguranca.com.br\/fr\/wp-json\/wp\/v2\/media\/14584"}],"wp:attachment":[{"href":"https:\/\/www.bibliotecadeseguranca.com.br\/fr\/wp-json\/wp\/v2\/media?parent=14583"}],"wp:term":[{"taxonomy":"category","embeddable":true,"href":"https:\/\/www.bibliotecadeseguranca.com.br\/fr\/wp-json\/wp\/v2\/categories?post=14583"},{"taxonomy":"post_tag","embeddable":true,"href":"https:\/\/www.bibliotecadeseguranca.com.br\/fr\/wp-json\/wp\/v2\/tags?post=14583"}],"curies":[{"name":"wp","href":"https:\/\/api.w.org\/{rel}","templated":true}]}}