{"id":14561,"date":"2018-02-05T14:00:09","date_gmt":"2018-02-05T16:00:09","guid":{"rendered":"http:\/\/www.bibliotecadeseguranca.com.br\/fr\/?p=14561"},"modified":"2018-02-05T12:35:32","modified_gmt":"2018-02-05T14:35:32","slug":"voce-sabe-o-que-e-seguranca-empresarial","status":"publish","type":"post","link":"https:\/\/www.bibliotecadeseguranca.com.br\/fr\/livros\/voce-sabe-o-que-e-seguranca-empresarial\/","title":{"rendered":"Voc\u00ea sabe o que \u00e9 Seguran\u00e7a Empresarial?"},"content":{"rendered":"<p><span style=\"color: #003366;\"><strong><img loading=\"lazy\" decoding=\"async\" class=\"alignleft size-full wp-image-14562\" src=\"http:\/\/www.bibliotecadeseguranca.com.br\/fr\/wp-content\/uploads\/2018\/02\/voce-sabe-o-que-e-seguranca-empresarial.jpg\" alt=\"Voc\u00ea sabe o que \u00e9 Seguran\u00e7a Empresarial?\" width=\"145\" height=\"231\" srcset=\"https:\/\/www.bibliotecadeseguranca.com.br\/fr\/wp-content\/uploads\/2018\/02\/voce-sabe-o-que-e-seguranca-empresarial.jpg 145w, https:\/\/www.bibliotecadeseguranca.com.br\/fr\/wp-content\/uploads\/2018\/02\/voce-sabe-o-que-e-seguranca-empresarial-94x150.jpg 94w\" sizes=\"auto, (max-width: 145px) 100vw, 145px\" \/>Adenilson Campos Guedes<\/strong><\/span><\/p>\n<p><span style=\"color: #003366;\"><strong>Maison d&#8217;\u00e9dition Amazon Servi\u00e7os<\/strong><\/span><\/p>\n<p><span style=\"color: #003366;\"><strong>R\u00e9sum\u00e9:<\/strong><\/span> Dentro do universo da seguran\u00e7a, sobretudo no \u00e2mbito empresarial, o termo seguran\u00e7a gera algumas confus\u00f5es em rela\u00e7\u00e3o \u00e0 sua abrang\u00eancia ou compet\u00eancias profissionais. Da\u00ed surgem diversas varia\u00e7\u00f5es, tais como: seguran\u00e7a do trabalho, seguran\u00e7a patrimonial, vigil\u00e2ncia patrimonial, seguran\u00e7a privada, seguran\u00e7a p\u00fablica, seguran\u00e7a da informa\u00e7\u00e3o, seguran\u00e7a eletr\u00f4nica, etc. Vejam, todos convergem para um \u00fanico objetivo: proteger de alguma forma os ativos (tang\u00edveis e intang\u00edveis). Sendo assim, podemos dizer ent\u00e3o que seguran\u00e7a \u00e9 igual em todos os aspectos? Podemos dizer que a seguran\u00e7a patrimonial faz parte da seguran\u00e7a do trabalho e vice versa? E quanto \u00e0 seguran\u00e7a empresarial, qual a sua defini\u00e7\u00e3o?<\/p>\n","protected":false},"excerpt":{"rendered":"<p>Adenilson Campos Guedes Maison d&#8217;\u00e9dition Amazon Servi\u00e7os R\u00e9sum\u00e9: Dentro do universo da seguran\u00e7a, sobretudo no \u00e2mbito empresarial, o termo seguran\u00e7a gera algumas confus\u00f5es em rela\u00e7\u00e3o \u00e0 sua abrang\u00eancia ou compet\u00eancias profissionais. Da\u00ed surgem diversas varia\u00e7\u00f5es, tais como: seguran\u00e7a do trabalho, seguran\u00e7a patrimonial, vigil\u00e2ncia patrimonial, seguran\u00e7a privada, seguran\u00e7a p\u00fablica, seguran\u00e7a da informa\u00e7\u00e3o, seguran\u00e7a eletr\u00f4nica, etc. Vejam, todos convergem para um \u00fanico objetivo: proteger de alguma forma os ativos (tang\u00edveis e intang\u00edveis).&hellip; <\/p>\n","protected":false},"author":3,"featured_media":14562,"comment_status":"open","ping_status":"closed","sticky":false,"template":"","format":"standard","meta":{"footnotes":""},"categories":[14,23,6,20],"tags":[],"class_list":["post-14561","post","type-post","status-publish","format-standard","has-post-thumbnail","hentry","category-administracao-e-estrategia-empresarial","category-gestao-da-seguranca-empresarial","category-livros","category-seguranca-da-informacao"],"views":138,"_links":{"self":[{"href":"https:\/\/www.bibliotecadeseguranca.com.br\/fr\/wp-json\/wp\/v2\/posts\/14561","targetHints":{"allow":["GET"]}}],"collection":[{"href":"https:\/\/www.bibliotecadeseguranca.com.br\/fr\/wp-json\/wp\/v2\/posts"}],"about":[{"href":"https:\/\/www.bibliotecadeseguranca.com.br\/fr\/wp-json\/wp\/v2\/types\/post"}],"author":[{"embeddable":true,"href":"https:\/\/www.bibliotecadeseguranca.com.br\/fr\/wp-json\/wp\/v2\/users\/3"}],"replies":[{"embeddable":true,"href":"https:\/\/www.bibliotecadeseguranca.com.br\/fr\/wp-json\/wp\/v2\/comments?post=14561"}],"version-history":[{"count":1,"href":"https:\/\/www.bibliotecadeseguranca.com.br\/fr\/wp-json\/wp\/v2\/posts\/14561\/revisions"}],"predecessor-version":[{"id":14563,"href":"https:\/\/www.bibliotecadeseguranca.com.br\/fr\/wp-json\/wp\/v2\/posts\/14561\/revisions\/14563"}],"wp:featuredmedia":[{"embeddable":true,"href":"https:\/\/www.bibliotecadeseguranca.com.br\/fr\/wp-json\/wp\/v2\/media\/14562"}],"wp:attachment":[{"href":"https:\/\/www.bibliotecadeseguranca.com.br\/fr\/wp-json\/wp\/v2\/media?parent=14561"}],"wp:term":[{"taxonomy":"category","embeddable":true,"href":"https:\/\/www.bibliotecadeseguranca.com.br\/fr\/wp-json\/wp\/v2\/categories?post=14561"},{"taxonomy":"post_tag","embeddable":true,"href":"https:\/\/www.bibliotecadeseguranca.com.br\/fr\/wp-json\/wp\/v2\/tags?post=14561"}],"curies":[{"name":"wp","href":"https:\/\/api.w.org\/{rel}","templated":true}]}}