{"id":14537,"date":"2018-01-26T14:00:46","date_gmt":"2018-01-26T16:00:46","guid":{"rendered":"http:\/\/www.bibliotecadeseguranca.com.br\/fr\/?p=14537"},"modified":"2018-01-26T12:46:07","modified_gmt":"2018-01-26T14:46:07","slug":"police-questions-sensibles","status":"publish","type":"post","link":"https:\/\/www.bibliotecadeseguranca.com.br\/fr\/livros\/police-questions-sensibles\/","title":{"rendered":"Police : questions sensibles"},"content":{"rendered":"<p><span style=\"color: #003366;\"><strong><img loading=\"lazy\" decoding=\"async\" class=\"alignleft size-full wp-image-14538\" src=\"http:\/\/www.bibliotecadeseguranca.com.br\/fr\/wp-content\/uploads\/2018\/01\/police-questions-sensibles.jpg\" alt=\"Police : questions sensibles\" width=\"145\" height=\"221\" srcset=\"https:\/\/www.bibliotecadeseguranca.com.br\/fr\/wp-content\/uploads\/2018\/01\/police-questions-sensibles.jpg 145w, https:\/\/www.bibliotecadeseguranca.com.br\/fr\/wp-content\/uploads\/2018\/01\/police-questions-sensibles-98x150.jpg 98w\" sizes=\"auto, (max-width: 145px) 100vw, 145px\" \/>Gauthier J\u00e9r\u00e9mie, Jobard Fabien<\/strong><\/span><\/p>\n<p><span style=\"color: #003366;\"><strong>Maison d&#8217;\u00e9dition PUF<\/strong><\/span><\/p>\n<p><span style=\"color: #003366;\"><strong>R\u00e9sum\u00e9:<\/strong><\/span> Manifestations, banlieues, contr\u00f4les d\u2019identit\u00e9, violences, histoire coloniale : la police se trouve au c\u0153ur de la question sociale. Institution en qu\u00eate d\u2019autonomie et instrument du pouvoir \u00e9tatique, elle contribue \u00e9galement \u00e0 la fabrication du politique. C\u2019est ce lien entre police, soci\u00e9t\u00e9 et politique que cet ouvrage souhaite actualiser \u00e0 la lumi\u00e8re de recherches r\u00e9centes en sciences sociales. Depuis une dizaine d\u2019ann\u00e9es en effet, des questionnements originaux ont renouvel\u00e9 la compr\u00e9hension des ressorts de l\u2019action polici\u00e8re et de ses liens tant avec la soci\u00e9t\u00e9 civile qu\u2019avec le champ politique. Les textes rassembl\u00e9s dans cet ouvrage reviennent ainsi sur de nombreux d\u00e9bats contemporains : les doctrines du maintien de l\u2019ordre, le combat judiciaire autour des contr\u00f4les au faci\u00e8s, l\u2019utilisation de la police en banlieue ou encore la survivance de dynamiques postcoloniales dans l\u2019action polici\u00e8re. \u00c0 ce titre, l\u2019ouvrage permet de faire le point sur les continuit\u00e9s et les ruptures des pratiques polici\u00e8res, des formes d\u2019activisme qu\u2019elles suscitent et des usages politiques de l\u2019appareil policier.<\/p>\n","protected":false},"excerpt":{"rendered":"<p>Gauthier J\u00e9r\u00e9mie, Jobard Fabien Maison d&#8217;\u00e9dition PUF R\u00e9sum\u00e9: Manifestations, banlieues, contr\u00f4les d\u2019identit\u00e9, violences, histoire coloniale : la police se trouve au c\u0153ur de la question sociale. Institution en qu\u00eate d\u2019autonomie et instrument du pouvoir \u00e9tatique, elle contribue \u00e9galement \u00e0 la fabrication du politique. C\u2019est ce lien entre police, soci\u00e9t\u00e9 et politique que cet ouvrage souhaite actualiser \u00e0 la lumi\u00e8re de recherches r\u00e9centes en sciences sociales. Depuis une dizaine d\u2019ann\u00e9es en&hellip; <\/p>\n","protected":false},"author":3,"featured_media":14538,"comment_status":"open","ping_status":"closed","sticky":false,"template":"","format":"standard","meta":{"footnotes":""},"categories":[109,6,25],"tags":[],"class_list":["post-14537","post","type-post","status-publish","format-standard","has-post-thumbnail","hentry","category-francais","category-livros","category-seguranca-publica-e-defesa"],"views":297,"_links":{"self":[{"href":"https:\/\/www.bibliotecadeseguranca.com.br\/fr\/wp-json\/wp\/v2\/posts\/14537","targetHints":{"allow":["GET"]}}],"collection":[{"href":"https:\/\/www.bibliotecadeseguranca.com.br\/fr\/wp-json\/wp\/v2\/posts"}],"about":[{"href":"https:\/\/www.bibliotecadeseguranca.com.br\/fr\/wp-json\/wp\/v2\/types\/post"}],"author":[{"embeddable":true,"href":"https:\/\/www.bibliotecadeseguranca.com.br\/fr\/wp-json\/wp\/v2\/users\/3"}],"replies":[{"embeddable":true,"href":"https:\/\/www.bibliotecadeseguranca.com.br\/fr\/wp-json\/wp\/v2\/comments?post=14537"}],"version-history":[{"count":1,"href":"https:\/\/www.bibliotecadeseguranca.com.br\/fr\/wp-json\/wp\/v2\/posts\/14537\/revisions"}],"predecessor-version":[{"id":14539,"href":"https:\/\/www.bibliotecadeseguranca.com.br\/fr\/wp-json\/wp\/v2\/posts\/14537\/revisions\/14539"}],"wp:featuredmedia":[{"embeddable":true,"href":"https:\/\/www.bibliotecadeseguranca.com.br\/fr\/wp-json\/wp\/v2\/media\/14538"}],"wp:attachment":[{"href":"https:\/\/www.bibliotecadeseguranca.com.br\/fr\/wp-json\/wp\/v2\/media?parent=14537"}],"wp:term":[{"taxonomy":"category","embeddable":true,"href":"https:\/\/www.bibliotecadeseguranca.com.br\/fr\/wp-json\/wp\/v2\/categories?post=14537"},{"taxonomy":"post_tag","embeddable":true,"href":"https:\/\/www.bibliotecadeseguranca.com.br\/fr\/wp-json\/wp\/v2\/tags?post=14537"}],"curies":[{"name":"wp","href":"https:\/\/api.w.org\/{rel}","templated":true}]}}