{"id":14494,"date":"2018-01-08T14:00:19","date_gmt":"2018-01-08T16:00:19","guid":{"rendered":"http:\/\/www.bibliotecadeseguranca.com.br\/fr\/?p=14494"},"modified":"2018-01-08T08:09:01","modified_gmt":"2018-01-08T10:09:01","slug":"porte-de-armas","status":"publish","type":"post","link":"https:\/\/www.bibliotecadeseguranca.com.br\/fr\/livros\/porte-de-armas\/","title":{"rendered":"Porte de Armas"},"content":{"rendered":"<p><span style=\"color: #003366;\"><strong><img loading=\"lazy\" decoding=\"async\" class=\"alignleft size-full wp-image-14495\" src=\"http:\/\/www.bibliotecadeseguranca.com.br\/fr\/wp-content\/uploads\/2018\/01\/porte-de-armas.jpg\" alt=\"Porte de Armas\" width=\"145\" height=\"207\" srcset=\"https:\/\/www.bibliotecadeseguranca.com.br\/fr\/wp-content\/uploads\/2018\/01\/porte-de-armas.jpg 145w, https:\/\/www.bibliotecadeseguranca.com.br\/fr\/wp-content\/uploads\/2018\/01\/porte-de-armas-105x150.jpg 105w\" sizes=\"auto, (max-width: 145px) 100vw, 145px\" \/>Paulo Alves Franco<\/strong><\/span><\/p>\n<p><span style=\"color: #003366;\"><strong>Maison d&#8217;\u00e9dition Servanda<\/strong><\/span><\/p>\n<p><span style=\"color: #003366;\"><strong>R\u00e9sum\u00e9:<\/strong><\/span> Esta obra, com plena certeza, ser\u00e1 de grande valia para Advogados, Ju\u00edzes, Promotores e Delegados de Pol\u00edcia nas suas v\u00e1rias \u00e1reas, bem como aos seus respectivos componentes, Estudantes de Direito, Armeiros e pessoas ligadas ao com\u00e9rcio legal de armas integrantes e aos Oficiais das For\u00e7as Armadas e seus respectivos componentes, Estudantes de Direito, Armeiros e pessoas ligadas ao com\u00e9rcio legal de armas de fogo de uso permitido, bem como aos demais profissionais ligados ao estudo das mesmas. O conte\u00fado da obra &#8220;Porte de Arma&#8221; acha-se totalmente estudado pelo Autor para que atenda todas as necessidades dos Operadores do Direito em suas v\u00e1rias e m\u00faltiplas profiss\u00f5es, isto no intuito de se constituir um trabalho digno de exemplo para todos.<\/p>\n","protected":false},"excerpt":{"rendered":"<p>Paulo Alves Franco Maison d&#8217;\u00e9dition Servanda R\u00e9sum\u00e9: Esta obra, com plena certeza, ser\u00e1 de grande valia para Advogados, Ju\u00edzes, Promotores e Delegados de Pol\u00edcia nas suas v\u00e1rias \u00e1reas, bem como aos seus respectivos componentes, Estudantes de Direito, Armeiros e pessoas ligadas ao com\u00e9rcio legal de armas integrantes e aos Oficiais das For\u00e7as Armadas e seus respectivos componentes, Estudantes de Direito, Armeiros e pessoas ligadas ao com\u00e9rcio legal de armas de&hellip; <\/p>\n","protected":false},"author":3,"featured_media":14495,"comment_status":"open","ping_status":"closed","sticky":false,"template":"","format":"standard","meta":{"footnotes":""},"categories":[6,25],"tags":[],"class_list":["post-14494","post","type-post","status-publish","format-standard","has-post-thumbnail","hentry","category-livros","category-seguranca-publica-e-defesa"],"views":184,"_links":{"self":[{"href":"https:\/\/www.bibliotecadeseguranca.com.br\/fr\/wp-json\/wp\/v2\/posts\/14494","targetHints":{"allow":["GET"]}}],"collection":[{"href":"https:\/\/www.bibliotecadeseguranca.com.br\/fr\/wp-json\/wp\/v2\/posts"}],"about":[{"href":"https:\/\/www.bibliotecadeseguranca.com.br\/fr\/wp-json\/wp\/v2\/types\/post"}],"author":[{"embeddable":true,"href":"https:\/\/www.bibliotecadeseguranca.com.br\/fr\/wp-json\/wp\/v2\/users\/3"}],"replies":[{"embeddable":true,"href":"https:\/\/www.bibliotecadeseguranca.com.br\/fr\/wp-json\/wp\/v2\/comments?post=14494"}],"version-history":[{"count":1,"href":"https:\/\/www.bibliotecadeseguranca.com.br\/fr\/wp-json\/wp\/v2\/posts\/14494\/revisions"}],"predecessor-version":[{"id":14496,"href":"https:\/\/www.bibliotecadeseguranca.com.br\/fr\/wp-json\/wp\/v2\/posts\/14494\/revisions\/14496"}],"wp:featuredmedia":[{"embeddable":true,"href":"https:\/\/www.bibliotecadeseguranca.com.br\/fr\/wp-json\/wp\/v2\/media\/14495"}],"wp:attachment":[{"href":"https:\/\/www.bibliotecadeseguranca.com.br\/fr\/wp-json\/wp\/v2\/media?parent=14494"}],"wp:term":[{"taxonomy":"category","embeddable":true,"href":"https:\/\/www.bibliotecadeseguranca.com.br\/fr\/wp-json\/wp\/v2\/categories?post=14494"},{"taxonomy":"post_tag","embeddable":true,"href":"https:\/\/www.bibliotecadeseguranca.com.br\/fr\/wp-json\/wp\/v2\/tags?post=14494"}],"curies":[{"name":"wp","href":"https:\/\/api.w.org\/{rel}","templated":true}]}}