{"id":14484,"date":"2018-01-02T13:00:11","date_gmt":"2018-01-02T16:00:11","guid":{"rendered":"http:\/\/www.bibliotecadeseguranca.com.br\/fr\/?p=14484"},"modified":"2018-01-02T09:23:05","modified_gmt":"2018-01-02T12:23:05","slug":"seguridad-publica-y-derecho-administrativo","status":"publish","type":"post","link":"https:\/\/www.bibliotecadeseguranca.com.br\/fr\/livros\/seguridad-publica-y-derecho-administrativo\/","title":{"rendered":"Seguridad p\u00fablica y derecho administrativo"},"content":{"rendered":"<p><span style=\"color: #003366;\"><strong><img loading=\"lazy\" decoding=\"async\" class=\"alignleft size-full wp-image-14485\" src=\"http:\/\/www.bibliotecadeseguranca.com.br\/fr\/wp-content\/uploads\/2018\/01\/the-seguridad-publica-y-derecho-administrativo.jpg\" alt=\"Seguridad p\u00fablica y derecho administrativo\" width=\"145\" height=\"214\" srcset=\"https:\/\/www.bibliotecadeseguranca.com.br\/fr\/wp-content\/uploads\/2018\/01\/the-seguridad-publica-y-derecho-administrativo.jpg 145w, https:\/\/www.bibliotecadeseguranca.com.br\/fr\/wp-content\/uploads\/2018\/01\/the-seguridad-publica-y-derecho-administrativo-102x150.jpg 102w\" sizes=\"auto, (max-width: 145px) 100vw, 145px\" \/>Roberto Dromi,\u200e Luciano Parejo Alfonso<\/strong><\/span><\/p>\n<p><span style=\"color: #003366;\"><strong>Maison d&#8217;\u00e9dition Ciudad Argentina<\/strong><\/span><\/p>\n<p><span style=\"color: #003366;\"><strong>R\u00e9sum\u00e9:<\/strong><\/span> La seguridad p\u00fablica como valor fundante de los cimientos del Estado de Derecho Democr\u00e1tico traduce dos atributos para su explicitaci\u00f3n: su car\u00e1cter ciudadano (convivencial) y su car\u00e1cter jur\u00eddico (normativo); por ello los autores hablan traslativamente de seguridad ciudadana y seguridad jur\u00eddica.<br \/>\nLa seguridad p\u00fablica es el ecuador democr\u00e1tico de dos plos de confrontaciones antijur\u00eddicas; el abuso del derecho y el abuso del poder. En su m\u00e9rito la teor\u00eda jur\u00eddica desarrolla los l\u00edmites y responsabilidades tipificadas ante el desorden individual y el desv\u00edo de la autoridad. As\u00ed, el orden p\u00fablico se erige como l\u00edmite al accionar individual o convencional de la voluntad ciudadana, en tanto que la supremac\u00eda constitucional se\u00f1ala los l\u00edmites dogm\u00e1ticos del poder p\u00fablico como atributo de la autoridad.<br \/>\nSobre estos postulados Luciano Parejo Alfonso y Roberto Dromi construyen un sistema regulatorio de la seguridad p\u00fablica, con el prisma del Derecho Administrativo, en el renovado accidente de la pol\u00edtica de integraci\u00f3n, participaci\u00f3n y solidaridad.<\/p>\n","protected":false},"excerpt":{"rendered":"<p>Roberto Dromi,\u200e Luciano Parejo Alfonso Maison d&#8217;\u00e9dition Ciudad Argentina R\u00e9sum\u00e9: La seguridad p\u00fablica como valor fundante de los cimientos del Estado de Derecho Democr\u00e1tico traduce dos atributos para su explicitaci\u00f3n: su car\u00e1cter ciudadano (convivencial) y su car\u00e1cter jur\u00eddico (normativo); por ello los autores hablan traslativamente de seguridad ciudadana y seguridad jur\u00eddica. La seguridad p\u00fablica es el ecuador democr\u00e1tico de dos plos de confrontaciones antijur\u00eddicas; el abuso del derecho y el&hellip; <\/p>\n","protected":false},"author":3,"featured_media":14485,"comment_status":"open","ping_status":"closed","sticky":false,"template":"","format":"standard","meta":{"footnotes":""},"categories":[81,6,25],"tags":[],"class_list":["post-14484","post","type-post","status-publish","format-standard","has-post-thumbnail","hentry","category-espanol","category-livros","category-seguranca-publica-e-defesa"],"views":147,"_links":{"self":[{"href":"https:\/\/www.bibliotecadeseguranca.com.br\/fr\/wp-json\/wp\/v2\/posts\/14484","targetHints":{"allow":["GET"]}}],"collection":[{"href":"https:\/\/www.bibliotecadeseguranca.com.br\/fr\/wp-json\/wp\/v2\/posts"}],"about":[{"href":"https:\/\/www.bibliotecadeseguranca.com.br\/fr\/wp-json\/wp\/v2\/types\/post"}],"author":[{"embeddable":true,"href":"https:\/\/www.bibliotecadeseguranca.com.br\/fr\/wp-json\/wp\/v2\/users\/3"}],"replies":[{"embeddable":true,"href":"https:\/\/www.bibliotecadeseguranca.com.br\/fr\/wp-json\/wp\/v2\/comments?post=14484"}],"version-history":[{"count":1,"href":"https:\/\/www.bibliotecadeseguranca.com.br\/fr\/wp-json\/wp\/v2\/posts\/14484\/revisions"}],"predecessor-version":[{"id":14486,"href":"https:\/\/www.bibliotecadeseguranca.com.br\/fr\/wp-json\/wp\/v2\/posts\/14484\/revisions\/14486"}],"wp:featuredmedia":[{"embeddable":true,"href":"https:\/\/www.bibliotecadeseguranca.com.br\/fr\/wp-json\/wp\/v2\/media\/14485"}],"wp:attachment":[{"href":"https:\/\/www.bibliotecadeseguranca.com.br\/fr\/wp-json\/wp\/v2\/media?parent=14484"}],"wp:term":[{"taxonomy":"category","embeddable":true,"href":"https:\/\/www.bibliotecadeseguranca.com.br\/fr\/wp-json\/wp\/v2\/categories?post=14484"},{"taxonomy":"post_tag","embeddable":true,"href":"https:\/\/www.bibliotecadeseguranca.com.br\/fr\/wp-json\/wp\/v2\/tags?post=14484"}],"curies":[{"name":"wp","href":"https:\/\/api.w.org\/{rel}","templated":true}]}}