{"id":14480,"date":"2017-12-28T13:00:56","date_gmt":"2017-12-28T16:00:56","guid":{"rendered":"http:\/\/www.bibliotecadeseguranca.com.br\/fr\/?p=14480"},"modified":"2017-12-28T12:20:25","modified_gmt":"2017-12-28T15:20:25","slug":"aspectos-juridicos-da-internet","status":"publish","type":"post","link":"https:\/\/www.bibliotecadeseguranca.com.br\/fr\/livros\/aspectos-juridicos-da-internet\/","title":{"rendered":"Aspectos Jur\u00eddicos da Internet"},"content":{"rendered":"<p><span style=\"color: #003366;\"><strong><img loading=\"lazy\" decoding=\"async\" class=\"alignleft size-full wp-image-14481\" src=\"http:\/\/www.bibliotecadeseguranca.com.br\/fr\/wp-content\/uploads\/2017\/12\/aspectos-juridicos-da-internet.jpg\" alt=\"Aspectos Jur\u00eddicos da Internet\" width=\"145\" height=\"215\" srcset=\"https:\/\/www.bibliotecadeseguranca.com.br\/fr\/wp-content\/uploads\/2017\/12\/aspectos-juridicos-da-internet.jpg 145w, https:\/\/www.bibliotecadeseguranca.com.br\/fr\/wp-content\/uploads\/2017\/12\/aspectos-juridicos-da-internet-101x150.jpg 101w\" sizes=\"auto, (max-width: 145px) 100vw, 145px\" \/>Gustavo Testa Correa<\/strong><\/span><\/p>\n<p><span style=\"color: #003366;\"><strong>Maison d&#8217;\u00e9dition Saraiva<\/strong><\/span><\/p>\n<p><span style=\"color: #003366;\"><strong>R\u00e9sum\u00e9:<\/strong><\/span> Como a Internet coexistir\u00e1 e se adaptar\u00e1 aos diversos aspectos culturais, valorativos e institucionais de cada na\u00e7\u00e3o do globo? \u00c9 poss\u00edvel conciliar o Direito com a era digital? Esta obra pretende ajudar os leitores a compreender e acompanhar os avan\u00e7os do direito digital ao apontar caminhos para encontrar respostas para os desafios resultantes do encontro entre a sociedade e as tecnologias e suas concep\u00e7\u00f5es de realidade.<\/p>\n","protected":false},"excerpt":{"rendered":"<p>Gustavo Testa Correa Maison d&#8217;\u00e9dition Saraiva R\u00e9sum\u00e9: Como a Internet coexistir\u00e1 e se adaptar\u00e1 aos diversos aspectos culturais, valorativos e institucionais de cada na\u00e7\u00e3o do globo? \u00c9 poss\u00edvel conciliar o Direito com a era digital? Esta obra pretende ajudar os leitores a compreender e acompanhar os avan\u00e7os do direito digital ao apontar caminhos para encontrar respostas para os desafios resultantes do encontro entre a sociedade e as tecnologias e suas&hellip; <\/p>\n","protected":false},"author":3,"featured_media":14481,"comment_status":"open","ping_status":"closed","sticky":false,"template":"","format":"standard","meta":{"footnotes":""},"categories":[6,20],"tags":[],"class_list":["post-14480","post","type-post","status-publish","format-standard","has-post-thumbnail","hentry","category-livros","category-seguranca-da-informacao"],"views":178,"_links":{"self":[{"href":"https:\/\/www.bibliotecadeseguranca.com.br\/fr\/wp-json\/wp\/v2\/posts\/14480","targetHints":{"allow":["GET"]}}],"collection":[{"href":"https:\/\/www.bibliotecadeseguranca.com.br\/fr\/wp-json\/wp\/v2\/posts"}],"about":[{"href":"https:\/\/www.bibliotecadeseguranca.com.br\/fr\/wp-json\/wp\/v2\/types\/post"}],"author":[{"embeddable":true,"href":"https:\/\/www.bibliotecadeseguranca.com.br\/fr\/wp-json\/wp\/v2\/users\/3"}],"replies":[{"embeddable":true,"href":"https:\/\/www.bibliotecadeseguranca.com.br\/fr\/wp-json\/wp\/v2\/comments?post=14480"}],"version-history":[{"count":1,"href":"https:\/\/www.bibliotecadeseguranca.com.br\/fr\/wp-json\/wp\/v2\/posts\/14480\/revisions"}],"predecessor-version":[{"id":14482,"href":"https:\/\/www.bibliotecadeseguranca.com.br\/fr\/wp-json\/wp\/v2\/posts\/14480\/revisions\/14482"}],"wp:featuredmedia":[{"embeddable":true,"href":"https:\/\/www.bibliotecadeseguranca.com.br\/fr\/wp-json\/wp\/v2\/media\/14481"}],"wp:attachment":[{"href":"https:\/\/www.bibliotecadeseguranca.com.br\/fr\/wp-json\/wp\/v2\/media?parent=14480"}],"wp:term":[{"taxonomy":"category","embeddable":true,"href":"https:\/\/www.bibliotecadeseguranca.com.br\/fr\/wp-json\/wp\/v2\/categories?post=14480"},{"taxonomy":"post_tag","embeddable":true,"href":"https:\/\/www.bibliotecadeseguranca.com.br\/fr\/wp-json\/wp\/v2\/tags?post=14480"}],"curies":[{"name":"wp","href":"https:\/\/api.w.org\/{rel}","templated":true}]}}