{"id":14460,"date":"2017-12-15T13:30:47","date_gmt":"2017-12-15T16:30:47","guid":{"rendered":"http:\/\/www.bibliotecadeseguranca.com.br\/fr\/?p=14460"},"modified":"2017-12-15T13:12:02","modified_gmt":"2017-12-15T16:12:02","slug":"gestao-integrada-dos-riscos-corporativos","status":"publish","type":"post","link":"https:\/\/www.bibliotecadeseguranca.com.br\/fr\/livros\/gestao-integrada-dos-riscos-corporativos\/","title":{"rendered":"Gest\u00e3o Integrada dos Riscos Corporativos"},"content":{"rendered":"<p><span style=\"color: #003366;\"><strong><img loading=\"lazy\" decoding=\"async\" class=\"alignleft size-full wp-image-14461\" src=\"http:\/\/www.bibliotecadeseguranca.com.br\/fr\/wp-content\/uploads\/2017\/12\/gestao-integrada-dos-riscos-corporativos.jpg\" alt=\"Gest\u00e3o Integrada dos Riscos Corporativos\" width=\"145\" height=\"206\" srcset=\"https:\/\/www.bibliotecadeseguranca.com.br\/fr\/wp-content\/uploads\/2017\/12\/gestao-integrada-dos-riscos-corporativos.jpg 145w, https:\/\/www.bibliotecadeseguranca.com.br\/fr\/wp-content\/uploads\/2017\/12\/gestao-integrada-dos-riscos-corporativos-106x150.jpg 106w\" sizes=\"auto, (max-width: 145px) 100vw, 145px\" \/>T\u00e1cito Augusto Silva Leite<\/strong><\/span><\/p>\n<p><span style=\"color: #003366;\"><strong>R\u00e9sum\u00e9:<\/strong><\/span><br \/>\nParte 1 &#8211; O que diz o Global Risk Report 2017;<br \/>\nParte 2 &#8211; An\u00e1lise top Risks 2017 &#8211; Geopolitical Recession;<br \/>\nParte 3 &#8211; Viol\u00eancia e Seguran\u00e7a P\u00fablica em 2023: cen\u00e1rios explorat\u00f3rios e planejamento prospectivo;<br \/>\nParte 4 &#8211; Entendendo o estudo Security Industry Survey of Risks and Professionals Competencies;<br \/>\nParte 5 &#8211; Sobre o autor.<\/p>\n<p><a href=\"http:\/\/www.bibliotecadeseguranca.com.br\/wp-content\/uploads\/2017\/12\/gestao-integrada-riscos-corporativos.pdf\" target=\"_blank\" rel=\"noopener\"><img loading=\"lazy\" decoding=\"async\" class=\"alignleft wp-image-12143 size-full\" src=\"http:\/\/www.bibliotecadeseguranca.com.br\/fr\/wp-content\/uploads\/2015\/03\/download_fr.gif\" alt=\"T\u00e9l\u00e9charger\" width=\"107\" height=\"25\" \/><\/a><\/p>\n<p>&nbsp;<\/p>\n","protected":false},"excerpt":{"rendered":"<p>T\u00e1cito Augusto Silva Leite R\u00e9sum\u00e9: Parte 1 &#8211; O que diz o Global Risk Report 2017; Parte 2 &#8211; An\u00e1lise top Risks 2017 &#8211; Geopolitical Recession; Parte 3 &#8211; Viol\u00eancia e Seguran\u00e7a P\u00fablica em 2023: cen\u00e1rios explorat\u00f3rios e planejamento prospectivo; Parte 4 &#8211; Entendendo o estudo Security Industry Survey of Risks and Professionals Competencies; Parte 5 &#8211; Sobre o autor. &nbsp;<\/p>\n","protected":false},"author":3,"featured_media":14461,"comment_status":"open","ping_status":"closed","sticky":false,"template":"","format":"standard","meta":{"footnotes":""},"categories":[117,23,6,19,112],"tags":[],"class_list":["post-14460","post","type-post","status-publish","format-standard","has-post-thumbnail","hentry","category-conseils-et-verification","category-gestao-da-seguranca-empresarial","category-livros","category-risco-e-perdas","category-download"],"views":358,"_links":{"self":[{"href":"https:\/\/www.bibliotecadeseguranca.com.br\/fr\/wp-json\/wp\/v2\/posts\/14460","targetHints":{"allow":["GET"]}}],"collection":[{"href":"https:\/\/www.bibliotecadeseguranca.com.br\/fr\/wp-json\/wp\/v2\/posts"}],"about":[{"href":"https:\/\/www.bibliotecadeseguranca.com.br\/fr\/wp-json\/wp\/v2\/types\/post"}],"author":[{"embeddable":true,"href":"https:\/\/www.bibliotecadeseguranca.com.br\/fr\/wp-json\/wp\/v2\/users\/3"}],"replies":[{"embeddable":true,"href":"https:\/\/www.bibliotecadeseguranca.com.br\/fr\/wp-json\/wp\/v2\/comments?post=14460"}],"version-history":[{"count":1,"href":"https:\/\/www.bibliotecadeseguranca.com.br\/fr\/wp-json\/wp\/v2\/posts\/14460\/revisions"}],"predecessor-version":[{"id":14462,"href":"https:\/\/www.bibliotecadeseguranca.com.br\/fr\/wp-json\/wp\/v2\/posts\/14460\/revisions\/14462"}],"wp:featuredmedia":[{"embeddable":true,"href":"https:\/\/www.bibliotecadeseguranca.com.br\/fr\/wp-json\/wp\/v2\/media\/14461"}],"wp:attachment":[{"href":"https:\/\/www.bibliotecadeseguranca.com.br\/fr\/wp-json\/wp\/v2\/media?parent=14460"}],"wp:term":[{"taxonomy":"category","embeddable":true,"href":"https:\/\/www.bibliotecadeseguranca.com.br\/fr\/wp-json\/wp\/v2\/categories?post=14460"},{"taxonomy":"post_tag","embeddable":true,"href":"https:\/\/www.bibliotecadeseguranca.com.br\/fr\/wp-json\/wp\/v2\/tags?post=14460"}],"curies":[{"name":"wp","href":"https:\/\/api.w.org\/{rel}","templated":true}]}}