{"id":14445,"date":"2017-12-11T13:00:58","date_gmt":"2017-12-11T16:00:58","guid":{"rendered":"http:\/\/www.bibliotecadeseguranca.com.br\/fr\/?p=14445"},"modified":"2017-12-11T10:39:13","modified_gmt":"2017-12-11T13:39:13","slug":"reforma-do-setor-de-seguranca","status":"publish","type":"post","link":"https:\/\/www.bibliotecadeseguranca.com.br\/fr\/livros\/reforma-do-setor-de-seguranca\/","title":{"rendered":"Reforma do Setor de Seguran\u00e7a"},"content":{"rendered":"<p><span style=\"color: #003366;\"><strong><img loading=\"lazy\" decoding=\"async\" class=\"alignleft size-full wp-image-14446\" src=\"http:\/\/www.bibliotecadeseguranca.com.br\/fr\/wp-content\/uploads\/2017\/12\/reforma-do-setor-de-seguranca.jpg\" alt=\"Reforma do Setor de Seguran\u00e7a\" width=\"145\" height=\"220\" srcset=\"https:\/\/www.bibliotecadeseguranca.com.br\/fr\/wp-content\/uploads\/2017\/12\/reforma-do-setor-de-seguranca.jpg 145w, https:\/\/www.bibliotecadeseguranca.com.br\/fr\/wp-content\/uploads\/2017\/12\/reforma-do-setor-de-seguranca-99x150.jpg 99w\" sizes=\"auto, (max-width: 145px) 100vw, 145px\" \/>S\u00e9rgio Luiz Cruz Aguilar<\/strong><\/span><\/p>\n<p><span style=\"color: #003366;\"><strong>Maison d&#8217;\u00e9dition Porto de Ideias<\/strong><\/span><\/p>\n<p><span style=\"color: #003366;\"><strong>R\u00e9sum\u00e9:<\/strong><\/span> A chamada reforma do setor de seguran\u00e7a \u00e9 um tema pouco discutido no Brasil apesar de existir desde os anos 1990, ter sido implementada em diversos pa\u00edses, em diferentes situa\u00e7\u00f5es e ser trabalhada conceitualmente por acad\u00eamicos e praticantes por quase duas d\u00e9cadas. Os processos de reforma se tornaram pe\u00e7as-chave na reconstru\u00e7\u00e3o de Estados chamados fr\u00e1geis, falidos ou rec\u00e9m-sa\u00eddos de conflitos armados, mas tamb\u00e9m t\u00eam sido implementados em pa\u00edses onde ocorre a transi\u00e7\u00e3o do autoritarismo para governos democr\u00e1ticos e naqueles em que o setor de seguran\u00e7a n\u00e3o cumpre corretamente com seus objetivos de prote\u00e7\u00e3o do Estado e de seus cidad\u00e3os. Em raz\u00e3o da amplitude desse tema, o livro apresenta textos de diversos especialistas com o objetivo de permitir aos leitores uma reflex\u00e3o e um aprofundamento intelectual sobre a reforma do setor de seguran\u00e7a.<\/p>\n","protected":false},"excerpt":{"rendered":"<p>S\u00e9rgio Luiz Cruz Aguilar Maison d&#8217;\u00e9dition Porto de Ideias R\u00e9sum\u00e9: A chamada reforma do setor de seguran\u00e7a \u00e9 um tema pouco discutido no Brasil apesar de existir desde os anos 1990, ter sido implementada em diversos pa\u00edses, em diferentes situa\u00e7\u00f5es e ser trabalhada conceitualmente por acad\u00eamicos e praticantes por quase duas d\u00e9cadas. Os processos de reforma se tornaram pe\u00e7as-chave na reconstru\u00e7\u00e3o de Estados chamados fr\u00e1geis, falidos ou rec\u00e9m-sa\u00eddos de conflitos&hellip; <\/p>\n","protected":false},"author":3,"featured_media":14446,"comment_status":"open","ping_status":"closed","sticky":false,"template":"","format":"standard","meta":{"footnotes":""},"categories":[6,25],"tags":[],"class_list":["post-14445","post","type-post","status-publish","format-standard","has-post-thumbnail","hentry","category-livros","category-seguranca-publica-e-defesa"],"views":178,"_links":{"self":[{"href":"https:\/\/www.bibliotecadeseguranca.com.br\/fr\/wp-json\/wp\/v2\/posts\/14445","targetHints":{"allow":["GET"]}}],"collection":[{"href":"https:\/\/www.bibliotecadeseguranca.com.br\/fr\/wp-json\/wp\/v2\/posts"}],"about":[{"href":"https:\/\/www.bibliotecadeseguranca.com.br\/fr\/wp-json\/wp\/v2\/types\/post"}],"author":[{"embeddable":true,"href":"https:\/\/www.bibliotecadeseguranca.com.br\/fr\/wp-json\/wp\/v2\/users\/3"}],"replies":[{"embeddable":true,"href":"https:\/\/www.bibliotecadeseguranca.com.br\/fr\/wp-json\/wp\/v2\/comments?post=14445"}],"version-history":[{"count":1,"href":"https:\/\/www.bibliotecadeseguranca.com.br\/fr\/wp-json\/wp\/v2\/posts\/14445\/revisions"}],"predecessor-version":[{"id":14447,"href":"https:\/\/www.bibliotecadeseguranca.com.br\/fr\/wp-json\/wp\/v2\/posts\/14445\/revisions\/14447"}],"wp:featuredmedia":[{"embeddable":true,"href":"https:\/\/www.bibliotecadeseguranca.com.br\/fr\/wp-json\/wp\/v2\/media\/14446"}],"wp:attachment":[{"href":"https:\/\/www.bibliotecadeseguranca.com.br\/fr\/wp-json\/wp\/v2\/media?parent=14445"}],"wp:term":[{"taxonomy":"category","embeddable":true,"href":"https:\/\/www.bibliotecadeseguranca.com.br\/fr\/wp-json\/wp\/v2\/categories?post=14445"},{"taxonomy":"post_tag","embeddable":true,"href":"https:\/\/www.bibliotecadeseguranca.com.br\/fr\/wp-json\/wp\/v2\/tags?post=14445"}],"curies":[{"name":"wp","href":"https:\/\/api.w.org\/{rel}","templated":true}]}}