{"id":14423,"date":"2017-12-01T13:00:41","date_gmt":"2017-12-01T16:00:41","guid":{"rendered":"http:\/\/www.bibliotecadeseguranca.com.br\/fr\/?p=14423"},"modified":"2017-12-01T12:37:02","modified_gmt":"2017-12-01T15:37:02","slug":"casos-practicos-para-la-gestion-empresarial-de-despachos-profesionales","status":"publish","type":"post","link":"https:\/\/www.bibliotecadeseguranca.com.br\/fr\/livros\/casos-practicos-para-la-gestion-empresarial-de-despachos-profesionales\/","title":{"rendered":"Casos Pr\u00e1cticos para la Gesti\u00f3n Empresarial de Despachos Profesionales"},"content":{"rendered":"<p><span style=\"color: #003366;\"><strong><img loading=\"lazy\" decoding=\"async\" class=\"alignleft size-full wp-image-14424\" src=\"http:\/\/www.bibliotecadeseguranca.com.br\/fr\/wp-content\/uploads\/2017\/12\/Casos-Pr\u00e1cticos-para-la-Gesti\u00f3n-Empresarial-de-Despachos-Profesionales.jpg\" alt=\"Casos Pr\u00e1cticos para la Gesti\u00f3n Empresarial de Despachos Profesionales\" width=\"145\" height=\"205\" srcset=\"https:\/\/www.bibliotecadeseguranca.com.br\/fr\/wp-content\/uploads\/2017\/12\/Casos-Pr\u00e1cticos-para-la-Gesti\u00f3n-Empresarial-de-Despachos-Profesionales.jpg 145w, https:\/\/www.bibliotecadeseguranca.com.br\/fr\/wp-content\/uploads\/2017\/12\/Casos-Pr\u00e1cticos-para-la-Gesti\u00f3n-Empresarial-de-Despachos-Profesionales-106x150.jpg 106w\" sizes=\"auto, (max-width: 145px) 100vw, 145px\" \/>Jordi Amado Guirado<\/strong><\/span><\/p>\n<p><span style=\"color: #003366;\"><strong>Maison d&#8217;\u00e9dition Wolters Kluwer<\/strong><\/span><\/p>\n<p><span style=\"color: #003366;\"><strong>R\u00e9sum\u00e9:<\/strong><\/span> Casos pr\u00e1cticos resueltos sobre gesti\u00f3n empresarial de despachos profesionales que facilita a los titulares de los despachos profesionales y asesor\u00edaslas t\u00e9cnicas de gesti\u00f3n para aplicarlas a su propio negocio en las \u00e1reas de Marketing, Calidad, Documentaci\u00f3n, Nuevas Tecnolog\u00edas y Personal.La aplicaci\u00f3n de las f\u00f3rmulas de la gesti\u00f3n empresarial a los despachos profesionales es la f\u00f3rmula para diferenciarse de la competencia, cuidando al personal del despacho y optimizando el servicio que se da a los clientes. Los titulares de asesor\u00edas y despachos profesionales, excelentes profesionales en su especialidad, apenas han desarrollado su faceta de gestor empresarial.<\/p>\n","protected":false},"excerpt":{"rendered":"<p>Jordi Amado Guirado Maison d&#8217;\u00e9dition Wolters Kluwer R\u00e9sum\u00e9: Casos pr\u00e1cticos resueltos sobre gesti\u00f3n empresarial de despachos profesionales que facilita a los titulares de los despachos profesionales y asesor\u00edaslas t\u00e9cnicas de gesti\u00f3n para aplicarlas a su propio negocio en las \u00e1reas de Marketing, Calidad, Documentaci\u00f3n, Nuevas Tecnolog\u00edas y Personal.La aplicaci\u00f3n de las f\u00f3rmulas de la gesti\u00f3n empresarial a los despachos profesionales es la f\u00f3rmula para diferenciarse de la competencia, cuidando al&hellip; <\/p>\n","protected":false},"author":3,"featured_media":14424,"comment_status":"open","ping_status":"closed","sticky":false,"template":"","format":"standard","meta":{"footnotes":""},"categories":[14,81,6],"tags":[],"class_list":["post-14423","post","type-post","status-publish","format-standard","has-post-thumbnail","hentry","category-administracao-e-estrategia-empresarial","category-espanol","category-livros"],"views":247,"_links":{"self":[{"href":"https:\/\/www.bibliotecadeseguranca.com.br\/fr\/wp-json\/wp\/v2\/posts\/14423","targetHints":{"allow":["GET"]}}],"collection":[{"href":"https:\/\/www.bibliotecadeseguranca.com.br\/fr\/wp-json\/wp\/v2\/posts"}],"about":[{"href":"https:\/\/www.bibliotecadeseguranca.com.br\/fr\/wp-json\/wp\/v2\/types\/post"}],"author":[{"embeddable":true,"href":"https:\/\/www.bibliotecadeseguranca.com.br\/fr\/wp-json\/wp\/v2\/users\/3"}],"replies":[{"embeddable":true,"href":"https:\/\/www.bibliotecadeseguranca.com.br\/fr\/wp-json\/wp\/v2\/comments?post=14423"}],"version-history":[{"count":1,"href":"https:\/\/www.bibliotecadeseguranca.com.br\/fr\/wp-json\/wp\/v2\/posts\/14423\/revisions"}],"predecessor-version":[{"id":14425,"href":"https:\/\/www.bibliotecadeseguranca.com.br\/fr\/wp-json\/wp\/v2\/posts\/14423\/revisions\/14425"}],"wp:featuredmedia":[{"embeddable":true,"href":"https:\/\/www.bibliotecadeseguranca.com.br\/fr\/wp-json\/wp\/v2\/media\/14424"}],"wp:attachment":[{"href":"https:\/\/www.bibliotecadeseguranca.com.br\/fr\/wp-json\/wp\/v2\/media?parent=14423"}],"wp:term":[{"taxonomy":"category","embeddable":true,"href":"https:\/\/www.bibliotecadeseguranca.com.br\/fr\/wp-json\/wp\/v2\/categories?post=14423"},{"taxonomy":"post_tag","embeddable":true,"href":"https:\/\/www.bibliotecadeseguranca.com.br\/fr\/wp-json\/wp\/v2\/tags?post=14423"}],"curies":[{"name":"wp","href":"https:\/\/api.w.org\/{rel}","templated":true}]}}