{"id":14388,"date":"2017-11-16T13:00:38","date_gmt":"2017-11-16T16:00:38","guid":{"rendered":"http:\/\/www.bibliotecadeseguranca.com.br\/fr\/?p=14388"},"modified":"2017-11-16T11:34:27","modified_gmt":"2017-11-16T14:34:27","slug":"do-ponto-de-vista-de-relacoes-publicas","status":"publish","type":"post","link":"https:\/\/www.bibliotecadeseguranca.com.br\/fr\/livros\/do-ponto-de-vista-de-relacoes-publicas\/","title":{"rendered":"Do Ponto de Vista de Rela\u00e7\u00f5es P\u00fablicas"},"content":{"rendered":"<p><span style=\"color: #003366;\"><strong><img loading=\"lazy\" decoding=\"async\" class=\"alignleft size-full wp-image-14389\" src=\"http:\/\/www.bibliotecadeseguranca.com.br\/fr\/wp-content\/uploads\/2017\/11\/Do-Ponto-de-Vista-de-Rela\u00e7\u00f5es-P\u00fablicas.jpg\" alt=\"Do Ponto de Vista de Rela\u00e7\u00f5es P\u00fablicas\" width=\"145\" height=\"208\" srcset=\"https:\/\/www.bibliotecadeseguranca.com.br\/fr\/wp-content\/uploads\/2017\/11\/Do-Ponto-de-Vista-de-Rela\u00e7\u00f5es-P\u00fablicas.jpg 145w, https:\/\/www.bibliotecadeseguranca.com.br\/fr\/wp-content\/uploads\/2017\/11\/Do-Ponto-de-Vista-de-Rela\u00e7\u00f5es-P\u00fablicas-105x150.jpg 105w\" sizes=\"auto, (max-width: 145px) 100vw, 145px\" \/>Fl\u00e1vio Schmidt<\/strong><\/span><\/p>\n<p><span style=\"color: #003366;\"><strong>Maison d&#8217;\u00e9dition Sicurezza<\/strong><\/span><\/p>\n<p><span style=\"color: #003366;\"><strong>R\u00e9sum\u00e9:<\/strong><\/span> A Gest\u00e3o de Riscos tem se tornado um assunto de extrema import\u00e2ncia no meio empresarial, uma vez que a conscientiza\u00e7\u00e3o da necessidade de administra\u00e7\u00e3o dos riscos potenciais \u00e9, hoje, uma quest\u00e3o de competitividade e sobreviv\u00eancia.<br \/>\nNo mercado atual, os riscos permeiam todos os n\u00edveis das atividades do neg\u00f3cio e, se n\u00e3o forem gerenciados adequadamente, poder\u00e3o resultar em perdas financeiras, deteriora\u00e7\u00e3o da imagem e reputa\u00e7\u00e3o da empresa.<br \/>\nNesse sentido, a Gest\u00e3o de Riscos e Rela\u00e7\u00f5es P\u00fablicas est\u00e3o intrinsecamente associadas no que se refere \u00e0s modernas t\u00e9cnicas de prote\u00e7\u00e3o corporativa. As duas \u00e1reas trabalham alinhadas em processos t\u00e9cnicos e de comunica\u00e7\u00e3o para identificar, conhecer, controlar e informar sobre os riscos corporativos que uma empresa est\u00e1 exposta.<br \/>\nElas formam um important\u00edssimo conjunto de medidas de gest\u00e3o de riscos e a\u00e7\u00f5es de comunica\u00e7\u00e3o para colocar a empresa num processo de seguran\u00e7a e prote\u00e7\u00e3o de sua imagem corporativa.<br \/>\nAl\u00e9m disso, para que seja eficaz, a gest\u00e3o de riscos deve fazer parte da cultura da organiza\u00e7\u00e3o e estar inserida em sua filosofia, nas pr\u00e1ticas e nos processos de neg\u00f3cio. O papel de Rela\u00e7\u00f5es P\u00fablicas, nesse contexto, \u00e9 vital para que a \u00e1rea seja adequadamente inclu\u00edda no processo e na cultura organizacional e permeie todos os n\u00edveis hier\u00e1rquicos dentro da empresa e envolva e engaje seus funcion\u00e1rios para alcan\u00e7arem os objetivos da pol\u00edtica de gest\u00e3o de riscos corporativos.<br \/>\nEm s\u00edntese, o processo de Gest\u00e3o de Riscos est\u00e1 envolvido diretamente com a comunica\u00e7\u00e3o de riscos, especialmente para criar as condi\u00e7\u00f5es adequadas e necess\u00e1rias para a implanta\u00e7\u00e3o de suas pol\u00edticas de prote\u00e7\u00e3o. Isso ocorre a partir da informa\u00e7\u00e3o e conscientiza\u00e7\u00e3o dos p\u00fablicos envolvidos, particularmente dos funcion\u00e1rios que s\u00e3o os agentes perceptores e controladores dos riscos corporativos.<br \/>\nPor todas essas raz\u00f5es, a Sicurezza Editora resolveu apoiar a iniciativa de Fl\u00e1vio Schmidt e editar o seu livro do Ponto de Vista de Rela\u00e7\u00f5es P\u00fablicas, que ser\u00e1 o primeiro de uma s\u00e9rie de livros sobre o tema associado \u00e0 gest\u00e3o e comunica\u00e7\u00e3o de riscos.<\/p>\n","protected":false},"excerpt":{"rendered":"<p>Fl\u00e1vio Schmidt Maison d&#8217;\u00e9dition Sicurezza R\u00e9sum\u00e9: A Gest\u00e3o de Riscos tem se tornado um assunto de extrema import\u00e2ncia no meio empresarial, uma vez que a conscientiza\u00e7\u00e3o da necessidade de administra\u00e7\u00e3o dos riscos potenciais \u00e9, hoje, uma quest\u00e3o de competitividade e sobreviv\u00eancia. No mercado atual, os riscos permeiam todos os n\u00edveis das atividades do neg\u00f3cio e, se n\u00e3o forem gerenciados adequadamente, poder\u00e3o resultar em perdas financeiras, deteriora\u00e7\u00e3o da imagem e reputa\u00e7\u00e3o&hellip; <\/p>\n","protected":false},"author":3,"featured_media":14389,"comment_status":"open","ping_status":"closed","sticky":false,"template":"","format":"standard","meta":{"footnotes":""},"categories":[14,117,6,19],"tags":[],"class_list":["post-14388","post","type-post","status-publish","format-standard","has-post-thumbnail","hentry","category-administracao-e-estrategia-empresarial","category-conseils-et-verification","category-livros","category-risco-e-perdas"],"views":285,"_links":{"self":[{"href":"https:\/\/www.bibliotecadeseguranca.com.br\/fr\/wp-json\/wp\/v2\/posts\/14388","targetHints":{"allow":["GET"]}}],"collection":[{"href":"https:\/\/www.bibliotecadeseguranca.com.br\/fr\/wp-json\/wp\/v2\/posts"}],"about":[{"href":"https:\/\/www.bibliotecadeseguranca.com.br\/fr\/wp-json\/wp\/v2\/types\/post"}],"author":[{"embeddable":true,"href":"https:\/\/www.bibliotecadeseguranca.com.br\/fr\/wp-json\/wp\/v2\/users\/3"}],"replies":[{"embeddable":true,"href":"https:\/\/www.bibliotecadeseguranca.com.br\/fr\/wp-json\/wp\/v2\/comments?post=14388"}],"version-history":[{"count":1,"href":"https:\/\/www.bibliotecadeseguranca.com.br\/fr\/wp-json\/wp\/v2\/posts\/14388\/revisions"}],"predecessor-version":[{"id":14390,"href":"https:\/\/www.bibliotecadeseguranca.com.br\/fr\/wp-json\/wp\/v2\/posts\/14388\/revisions\/14390"}],"wp:featuredmedia":[{"embeddable":true,"href":"https:\/\/www.bibliotecadeseguranca.com.br\/fr\/wp-json\/wp\/v2\/media\/14389"}],"wp:attachment":[{"href":"https:\/\/www.bibliotecadeseguranca.com.br\/fr\/wp-json\/wp\/v2\/media?parent=14388"}],"wp:term":[{"taxonomy":"category","embeddable":true,"href":"https:\/\/www.bibliotecadeseguranca.com.br\/fr\/wp-json\/wp\/v2\/categories?post=14388"},{"taxonomy":"post_tag","embeddable":true,"href":"https:\/\/www.bibliotecadeseguranca.com.br\/fr\/wp-json\/wp\/v2\/tags?post=14388"}],"curies":[{"name":"wp","href":"https:\/\/api.w.org\/{rel}","templated":true}]}}