{"id":14269,"date":"2017-09-25T14:00:23","date_gmt":"2017-09-25T17:00:23","guid":{"rendered":"http:\/\/www.bibliotecadeseguranca.com.br\/fr\/?p=14269"},"modified":"2017-09-25T12:46:24","modified_gmt":"2017-09-25T15:46:24","slug":"educacao-seguranca-publica-questoes-de-cidadania","status":"publish","type":"post","link":"https:\/\/www.bibliotecadeseguranca.com.br\/fr\/livros\/educacao-seguranca-publica-questoes-de-cidadania\/","title":{"rendered":"Educa\u00e7\u00e3o &#038; Seguran\u00e7a P\u00fablica: Quest\u00f5es de Cidadania"},"content":{"rendered":"<p><span style=\"color: #003366;\"><strong><img loading=\"lazy\" decoding=\"async\" class=\"alignleft size-full wp-image-14270\" src=\"http:\/\/www.bibliotecadeseguranca.com.br\/fr\/wp-content\/uploads\/2017\/09\/Educa\u00e7\u00e3o-Seguran\u00e7a-P\u00fablica-Quest\u00f5es-de-Cidadania.jpg\" alt=\"Educa\u00e7\u00e3o &amp; Seguran\u00e7a P\u00fablica: Quest\u00f5es de Cidadania\" width=\"145\" height=\"217\" srcset=\"https:\/\/www.bibliotecadeseguranca.com.br\/fr\/wp-content\/uploads\/2017\/09\/Educa\u00e7\u00e3o-Seguran\u00e7a-P\u00fablica-Quest\u00f5es-de-Cidadania.jpg 145w, https:\/\/www.bibliotecadeseguranca.com.br\/fr\/wp-content\/uploads\/2017\/09\/Educa\u00e7\u00e3o-Seguran\u00e7a-P\u00fablica-Quest\u00f5es-de-Cidadania-100x150.jpg 100w\" sizes=\"auto, (max-width: 145px) 100vw, 145px\" \/>Andr\u00e9 Martins Barbosa<\/strong><\/span><\/p>\n<p><span style=\"color: #003366;\"><strong>Maison d&#8217;\u00e9dition Contemplar<\/strong><\/span><\/p>\n<p><span style=\"color: #003366;\"><strong>R\u00e9sum\u00e9:<\/strong><\/span> Este livro \u00e9 resultados de pesquisa produzida atrav\u00e9s do N\u00facleo de Estudos e Pesquisas em Direito, Estado, Constitui\u00e7\u00e3o, Direitos Fundamentais e Humanos, do Curso de Direito (UEMS-Dourados).<\/p>\n","protected":false},"excerpt":{"rendered":"<p>Andr\u00e9 Martins Barbosa Maison d&#8217;\u00e9dition Contemplar R\u00e9sum\u00e9: Este livro \u00e9 resultados de pesquisa produzida atrav\u00e9s do N\u00facleo de Estudos e Pesquisas em Direito, Estado, Constitui\u00e7\u00e3o, Direitos Fundamentais e Humanos, do Curso de Direito (UEMS-Dourados).<\/p>\n","protected":false},"author":3,"featured_media":14270,"comment_status":"open","ping_status":"closed","sticky":false,"template":"","format":"standard","meta":{"footnotes":""},"categories":[6,25],"tags":[],"class_list":["post-14269","post","type-post","status-publish","format-standard","has-post-thumbnail","hentry","category-livros","category-seguranca-publica-e-defesa"],"views":117,"_links":{"self":[{"href":"https:\/\/www.bibliotecadeseguranca.com.br\/fr\/wp-json\/wp\/v2\/posts\/14269","targetHints":{"allow":["GET"]}}],"collection":[{"href":"https:\/\/www.bibliotecadeseguranca.com.br\/fr\/wp-json\/wp\/v2\/posts"}],"about":[{"href":"https:\/\/www.bibliotecadeseguranca.com.br\/fr\/wp-json\/wp\/v2\/types\/post"}],"author":[{"embeddable":true,"href":"https:\/\/www.bibliotecadeseguranca.com.br\/fr\/wp-json\/wp\/v2\/users\/3"}],"replies":[{"embeddable":true,"href":"https:\/\/www.bibliotecadeseguranca.com.br\/fr\/wp-json\/wp\/v2\/comments?post=14269"}],"version-history":[{"count":1,"href":"https:\/\/www.bibliotecadeseguranca.com.br\/fr\/wp-json\/wp\/v2\/posts\/14269\/revisions"}],"predecessor-version":[{"id":14271,"href":"https:\/\/www.bibliotecadeseguranca.com.br\/fr\/wp-json\/wp\/v2\/posts\/14269\/revisions\/14271"}],"wp:featuredmedia":[{"embeddable":true,"href":"https:\/\/www.bibliotecadeseguranca.com.br\/fr\/wp-json\/wp\/v2\/media\/14270"}],"wp:attachment":[{"href":"https:\/\/www.bibliotecadeseguranca.com.br\/fr\/wp-json\/wp\/v2\/media?parent=14269"}],"wp:term":[{"taxonomy":"category","embeddable":true,"href":"https:\/\/www.bibliotecadeseguranca.com.br\/fr\/wp-json\/wp\/v2\/categories?post=14269"},{"taxonomy":"post_tag","embeddable":true,"href":"https:\/\/www.bibliotecadeseguranca.com.br\/fr\/wp-json\/wp\/v2\/tags?post=14269"}],"curies":[{"name":"wp","href":"https:\/\/api.w.org\/{rel}","templated":true}]}}