{"id":14260,"date":"2017-09-21T14:00:24","date_gmt":"2017-09-21T17:00:24","guid":{"rendered":"http:\/\/www.bibliotecadeseguranca.com.br\/fr\/?p=14260"},"modified":"2017-09-21T10:14:20","modified_gmt":"2017-09-21T13:14:20","slug":"defesa-seguranca-internacional-e-forcas-armadas","status":"publish","type":"post","link":"https:\/\/www.bibliotecadeseguranca.com.br\/fr\/livros\/defesa-seguranca-internacional-e-forcas-armadas\/","title":{"rendered":"Defesa, Seguran\u00e7a Internacional e For\u00e7as Armadas"},"content":{"rendered":"<p><span style=\"color: #003366;\"><strong><img loading=\"lazy\" decoding=\"async\" class=\"alignleft size-full wp-image-14261\" src=\"http:\/\/www.bibliotecadeseguranca.com.br\/fr\/wp-content\/uploads\/2017\/09\/Defesa-Seguran\u00e7a-Internacional-e-For\u00e7as-Armadas.jpg\" alt=\"Defesa, Seguran\u00e7a Internacional e For\u00e7as Armadas\" width=\"145\" height=\"218\" srcset=\"https:\/\/www.bibliotecadeseguranca.com.br\/fr\/wp-content\/uploads\/2017\/09\/Defesa-Seguran\u00e7a-Internacional-e-For\u00e7as-Armadas.jpg 145w, https:\/\/www.bibliotecadeseguranca.com.br\/fr\/wp-content\/uploads\/2017\/09\/Defesa-Seguran\u00e7a-Internacional-e-For\u00e7as-Armadas-100x150.jpg 100w\" sizes=\"auto, (max-width: 145px) 100vw, 145px\" \/>Eduardo Munhoz Svartman, Jos\u00e9 Miguel Arias Neto, Tania Regina Pires de Godoy, V\u00e1gner Camilo Alves<\/strong><\/span><\/p>\n<p><span style=\"color: #003366;\"><strong>Maison d&#8217;\u00e9dition Mercado de Letras<\/strong><\/span><\/p>\n<p><span style=\"color: #003366;\"><strong>R\u00e9sum\u00e9:<\/strong><\/span> Esta colet\u00e2nea de textos apresentados no III Encontro Nacional da Associa\u00e7\u00e3o Brasileira de Estudos de Defesa (ABED) \u00e9 uma amostra do que vem sendo pesquisado no Brasil sobre For\u00e7as Armadas, temas estrat\u00e9gicos e defesa. O livro re\u00fane trabalhos de profissionais de diferentes \u00e1reas do conhecimento que abordam, por \u00e2ngulos diferentes, temas variados envolvendo as rela\u00e7\u00f5es internacionais do Brasil, com destaque no Haiti, as quest\u00f5es estrat\u00e9gicas relativas a ind\u00fastria de defesa, Amaz\u00f4nia e seguran\u00e7a internacional, as teorias sobre guerra e os temas ligados a mem\u00f3ria, cultura, socializa\u00e7\u00e3o, e rela\u00e7\u00f5es de g\u00eanero no meio militar.<\/p>\n","protected":false},"excerpt":{"rendered":"<p>Eduardo Munhoz Svartman, Jos\u00e9 Miguel Arias Neto, Tania Regina Pires de Godoy, V\u00e1gner Camilo Alves Maison d&#8217;\u00e9dition Mercado de Letras R\u00e9sum\u00e9: Esta colet\u00e2nea de textos apresentados no III Encontro Nacional da Associa\u00e7\u00e3o Brasileira de Estudos de Defesa (ABED) \u00e9 uma amostra do que vem sendo pesquisado no Brasil sobre For\u00e7as Armadas, temas estrat\u00e9gicos e defesa. O livro re\u00fane trabalhos de profissionais de diferentes \u00e1reas do conhecimento que abordam, por \u00e2ngulos&hellip; <\/p>\n","protected":false},"author":3,"featured_media":14261,"comment_status":"open","ping_status":"closed","sticky":false,"template":"","format":"standard","meta":{"footnotes":""},"categories":[6,25],"tags":[],"class_list":["post-14260","post","type-post","status-publish","format-standard","has-post-thumbnail","hentry","category-livros","category-seguranca-publica-e-defesa"],"views":166,"_links":{"self":[{"href":"https:\/\/www.bibliotecadeseguranca.com.br\/fr\/wp-json\/wp\/v2\/posts\/14260","targetHints":{"allow":["GET"]}}],"collection":[{"href":"https:\/\/www.bibliotecadeseguranca.com.br\/fr\/wp-json\/wp\/v2\/posts"}],"about":[{"href":"https:\/\/www.bibliotecadeseguranca.com.br\/fr\/wp-json\/wp\/v2\/types\/post"}],"author":[{"embeddable":true,"href":"https:\/\/www.bibliotecadeseguranca.com.br\/fr\/wp-json\/wp\/v2\/users\/3"}],"replies":[{"embeddable":true,"href":"https:\/\/www.bibliotecadeseguranca.com.br\/fr\/wp-json\/wp\/v2\/comments?post=14260"}],"version-history":[{"count":1,"href":"https:\/\/www.bibliotecadeseguranca.com.br\/fr\/wp-json\/wp\/v2\/posts\/14260\/revisions"}],"predecessor-version":[{"id":14262,"href":"https:\/\/www.bibliotecadeseguranca.com.br\/fr\/wp-json\/wp\/v2\/posts\/14260\/revisions\/14262"}],"wp:featuredmedia":[{"embeddable":true,"href":"https:\/\/www.bibliotecadeseguranca.com.br\/fr\/wp-json\/wp\/v2\/media\/14261"}],"wp:attachment":[{"href":"https:\/\/www.bibliotecadeseguranca.com.br\/fr\/wp-json\/wp\/v2\/media?parent=14260"}],"wp:term":[{"taxonomy":"category","embeddable":true,"href":"https:\/\/www.bibliotecadeseguranca.com.br\/fr\/wp-json\/wp\/v2\/categories?post=14260"},{"taxonomy":"post_tag","embeddable":true,"href":"https:\/\/www.bibliotecadeseguranca.com.br\/fr\/wp-json\/wp\/v2\/tags?post=14260"}],"curies":[{"name":"wp","href":"https:\/\/api.w.org\/{rel}","templated":true}]}}