{"id":14222,"date":"2017-09-04T14:00:37","date_gmt":"2017-09-04T17:00:37","guid":{"rendered":"http:\/\/www.bibliotecadeseguranca.com.br\/fr\/?p=14222"},"modified":"2017-09-04T13:07:28","modified_gmt":"2017-09-04T16:07:28","slug":"criminalidade-educar-ou-punir","status":"publish","type":"post","link":"https:\/\/www.bibliotecadeseguranca.com.br\/fr\/livros\/criminalidade-educar-ou-punir\/","title":{"rendered":"Criminalidade &#8211; Educar ou Punir?"},"content":{"rendered":"<p><span style=\"color: #003366;\"><strong><img loading=\"lazy\" decoding=\"async\" class=\"alignleft size-full wp-image-14223\" src=\"http:\/\/www.bibliotecadeseguranca.com.br\/fr\/wp-content\/uploads\/2017\/09\/Criminalidade-Educar-ou-Punir.jpg\" alt=\"Criminalidade - Educar ou Punir?\" width=\"145\" height=\"199\" srcset=\"https:\/\/www.bibliotecadeseguranca.com.br\/fr\/wp-content\/uploads\/2017\/09\/Criminalidade-Educar-ou-Punir.jpg 145w, https:\/\/www.bibliotecadeseguranca.com.br\/fr\/wp-content\/uploads\/2017\/09\/Criminalidade-Educar-ou-Punir-109x150.jpg 109w\" sizes=\"auto, (max-width: 145px) 100vw, 145px\" \/>Jacira Jacinto da Silva<\/strong><\/span><\/p>\n<p><span style=\"color: #003366;\"><strong>Maison d&#8217;\u00e9dition Cpdoc<\/strong><\/span><\/p>\n<p><span style=\"color: #003366;\"><strong>R\u00e9sum\u00e9:<\/strong><\/span> Neste livro, uma an\u00e1lise das causas da viol\u00eancia e do crime. Se o homem \u00e9 um ser imortal, como est\u00e1 na base milenar de nossa cultura, as causas e conseq\u00fc\u00eancias do delito n\u00e3o podem se restringir \u00e0 vida material. Aqui, uma an\u00e1lise do fen\u00f4meno delituoso levando-se em conta que o delinq\u00fcente \u00e9 um produto da sociedade, mas que o crime \u00e9, tamb\u00e9m, express\u00e3o da individualidade do esp\u00edrito.<\/p>\n","protected":false},"excerpt":{"rendered":"<p>Jacira Jacinto da Silva Maison d&#8217;\u00e9dition Cpdoc R\u00e9sum\u00e9: Neste livro, uma an\u00e1lise das causas da viol\u00eancia e do crime. Se o homem \u00e9 um ser imortal, como est\u00e1 na base milenar de nossa cultura, as causas e conseq\u00fc\u00eancias do delito n\u00e3o podem se restringir \u00e0 vida material. Aqui, uma an\u00e1lise do fen\u00f4meno delituoso levando-se em conta que o delinq\u00fcente \u00e9 um produto da sociedade, mas que o crime \u00e9, tamb\u00e9m,&hellip; <\/p>\n","protected":false},"author":3,"featured_media":14223,"comment_status":"open","ping_status":"closed","sticky":false,"template":"","format":"standard","meta":{"footnotes":""},"categories":[6,25],"tags":[],"class_list":["post-14222","post","type-post","status-publish","format-standard","has-post-thumbnail","hentry","category-livros","category-seguranca-publica-e-defesa"],"views":393,"_links":{"self":[{"href":"https:\/\/www.bibliotecadeseguranca.com.br\/fr\/wp-json\/wp\/v2\/posts\/14222","targetHints":{"allow":["GET"]}}],"collection":[{"href":"https:\/\/www.bibliotecadeseguranca.com.br\/fr\/wp-json\/wp\/v2\/posts"}],"about":[{"href":"https:\/\/www.bibliotecadeseguranca.com.br\/fr\/wp-json\/wp\/v2\/types\/post"}],"author":[{"embeddable":true,"href":"https:\/\/www.bibliotecadeseguranca.com.br\/fr\/wp-json\/wp\/v2\/users\/3"}],"replies":[{"embeddable":true,"href":"https:\/\/www.bibliotecadeseguranca.com.br\/fr\/wp-json\/wp\/v2\/comments?post=14222"}],"version-history":[{"count":1,"href":"https:\/\/www.bibliotecadeseguranca.com.br\/fr\/wp-json\/wp\/v2\/posts\/14222\/revisions"}],"predecessor-version":[{"id":14224,"href":"https:\/\/www.bibliotecadeseguranca.com.br\/fr\/wp-json\/wp\/v2\/posts\/14222\/revisions\/14224"}],"wp:featuredmedia":[{"embeddable":true,"href":"https:\/\/www.bibliotecadeseguranca.com.br\/fr\/wp-json\/wp\/v2\/media\/14223"}],"wp:attachment":[{"href":"https:\/\/www.bibliotecadeseguranca.com.br\/fr\/wp-json\/wp\/v2\/media?parent=14222"}],"wp:term":[{"taxonomy":"category","embeddable":true,"href":"https:\/\/www.bibliotecadeseguranca.com.br\/fr\/wp-json\/wp\/v2\/categories?post=14222"},{"taxonomy":"post_tag","embeddable":true,"href":"https:\/\/www.bibliotecadeseguranca.com.br\/fr\/wp-json\/wp\/v2\/tags?post=14222"}],"curies":[{"name":"wp","href":"https:\/\/api.w.org\/{rel}","templated":true}]}}