{"id":14184,"date":"2017-08-18T14:00:25","date_gmt":"2017-08-18T17:00:25","guid":{"rendered":"http:\/\/www.bibliotecadeseguranca.com.br\/fr\/?p=14184"},"modified":"2017-08-18T05:24:38","modified_gmt":"2017-08-18T08:24:38","slug":"empresa-y-administracion","status":"publish","type":"post","link":"https:\/\/www.bibliotecadeseguranca.com.br\/fr\/livros\/empresa-y-administracion\/","title":{"rendered":"Empresa y Administraci\u00f3n"},"content":{"rendered":"<p><span style=\"color: #003366;\"><strong><img loading=\"lazy\" decoding=\"async\" class=\"alignleft size-full wp-image-14185\" src=\"http:\/\/www.bibliotecadeseguranca.com.br\/fr\/wp-content\/uploads\/2017\/08\/Empresa-y-Administraci\u00f3n.jpg\" alt=\"Empresa y Administraci\u00f3n\" width=\"145\" height=\"185\" srcset=\"https:\/\/www.bibliotecadeseguranca.com.br\/fr\/wp-content\/uploads\/2017\/08\/Empresa-y-Administraci\u00f3n.jpg 145w, https:\/\/www.bibliotecadeseguranca.com.br\/fr\/wp-content\/uploads\/2017\/08\/Empresa-y-Administraci\u00f3n-118x150.jpg 118w\" sizes=\"auto, (max-width: 145px) 100vw, 145px\" \/>Mar\u00eda Amparo de la Encarnaci\u00f3n Gabin, Mar\u00eda Jos\u00e9 Escudero Serrano, Beatriz V\u00e1zquez Bl\u00f6mer<\/strong><\/span><\/p>\n<p><span style=\"color: #003366;\"><strong>Maison d&#8217;\u00e9dition Paraninfo<\/strong><\/span><\/p>\n<p><span style=\"color: #003366;\"><strong>R\u00e9sum\u00e9:<\/strong><\/span> Este libro desarrolla todos los contenidos del m\u00f3dulo profesional de Empresa y Administraci\u00f3n que se contemplan en el Real Decreto 1631\/2009, de 30 de octubre, por el que se establece el t\u00edtulo de T\u00e9cnico en Gesti\u00f3n Administrativa y se fijan sus ense\u00f1anzas m\u00ednimas. Est\u00e1 dirigido a los estudiantes que cursan el Ciclo Formativo de grado medio de Gesti\u00f3n Administrativa, aunque tambi\u00e9n ser\u00e1 de gran utilidad para todas las personas que deseen ampliar su formaci\u00f3n. Su contenido, expuesto de forma amena y clara, ofrece la formaci\u00f3n necesaria para desempe\u00f1ar las funciones de apoyo administrativo de las tareas que se llevan a cabo en la empresa, tanto en lo relativo a las obligaciones fiscales como en lo referente a su relaci\u00f3n con los diversos organismos p\u00fablicos.<\/p>\n","protected":false},"excerpt":{"rendered":"<p>Mar\u00eda Amparo de la Encarnaci\u00f3n Gabin, Mar\u00eda Jos\u00e9 Escudero Serrano, Beatriz V\u00e1zquez Bl\u00f6mer Maison d&#8217;\u00e9dition Paraninfo R\u00e9sum\u00e9: Este libro desarrolla todos los contenidos del m\u00f3dulo profesional de Empresa y Administraci\u00f3n que se contemplan en el Real Decreto 1631\/2009, de 30 de octubre, por el que se establece el t\u00edtulo de T\u00e9cnico en Gesti\u00f3n Administrativa y se fijan sus ense\u00f1anzas m\u00ednimas. Est\u00e1 dirigido a los estudiantes que cursan el Ciclo Formativo&hellip; <\/p>\n","protected":false},"author":3,"featured_media":14185,"comment_status":"open","ping_status":"closed","sticky":false,"template":"","format":"standard","meta":{"footnotes":""},"categories":[14,81,6],"tags":[],"class_list":["post-14184","post","type-post","status-publish","format-standard","has-post-thumbnail","hentry","category-administracao-e-estrategia-empresarial","category-espanol","category-livros"],"views":198,"_links":{"self":[{"href":"https:\/\/www.bibliotecadeseguranca.com.br\/fr\/wp-json\/wp\/v2\/posts\/14184","targetHints":{"allow":["GET"]}}],"collection":[{"href":"https:\/\/www.bibliotecadeseguranca.com.br\/fr\/wp-json\/wp\/v2\/posts"}],"about":[{"href":"https:\/\/www.bibliotecadeseguranca.com.br\/fr\/wp-json\/wp\/v2\/types\/post"}],"author":[{"embeddable":true,"href":"https:\/\/www.bibliotecadeseguranca.com.br\/fr\/wp-json\/wp\/v2\/users\/3"}],"replies":[{"embeddable":true,"href":"https:\/\/www.bibliotecadeseguranca.com.br\/fr\/wp-json\/wp\/v2\/comments?post=14184"}],"version-history":[{"count":1,"href":"https:\/\/www.bibliotecadeseguranca.com.br\/fr\/wp-json\/wp\/v2\/posts\/14184\/revisions"}],"predecessor-version":[{"id":14186,"href":"https:\/\/www.bibliotecadeseguranca.com.br\/fr\/wp-json\/wp\/v2\/posts\/14184\/revisions\/14186"}],"wp:featuredmedia":[{"embeddable":true,"href":"https:\/\/www.bibliotecadeseguranca.com.br\/fr\/wp-json\/wp\/v2\/media\/14185"}],"wp:attachment":[{"href":"https:\/\/www.bibliotecadeseguranca.com.br\/fr\/wp-json\/wp\/v2\/media?parent=14184"}],"wp:term":[{"taxonomy":"category","embeddable":true,"href":"https:\/\/www.bibliotecadeseguranca.com.br\/fr\/wp-json\/wp\/v2\/categories?post=14184"},{"taxonomy":"post_tag","embeddable":true,"href":"https:\/\/www.bibliotecadeseguranca.com.br\/fr\/wp-json\/wp\/v2\/tags?post=14184"}],"curies":[{"name":"wp","href":"https:\/\/api.w.org\/{rel}","templated":true}]}}