{"id":14166,"date":"2017-08-11T14:00:32","date_gmt":"2017-08-11T17:00:32","guid":{"rendered":"http:\/\/www.bibliotecadeseguranca.com.br\/fr\/?p=14166"},"modified":"2017-08-11T12:58:04","modified_gmt":"2017-08-11T15:58:04","slug":"memoires-du-raid","status":"publish","type":"post","link":"https:\/\/www.bibliotecadeseguranca.com.br\/fr\/livros\/memoires-du-raid\/","title":{"rendered":"M\u00e9moires du RAID"},"content":{"rendered":"<p><span style=\"color: #003366;\"><strong><img loading=\"lazy\" decoding=\"async\" class=\"alignleft size-full wp-image-14167\" src=\"http:\/\/www.bibliotecadeseguranca.com.br\/fr\/wp-content\/uploads\/2017\/08\/M\u00e9moires-du-RAID.jpg\" alt=\"M\u00e9moires du RAID\" width=\"145\" height=\"218\" srcset=\"https:\/\/www.bibliotecadeseguranca.com.br\/fr\/wp-content\/uploads\/2017\/08\/M\u00e9moires-du-RAID.jpg 145w, https:\/\/www.bibliotecadeseguranca.com.br\/fr\/wp-content\/uploads\/2017\/08\/M\u00e9moires-du-RAID-100x150.jpg 100w\" sizes=\"auto, (max-width: 145px) 100vw, 145px\" \/>Robert Paturel<\/strong><\/span><\/p>\n<p><span style=\"color: #003366;\"><strong>Maison d&#8217;\u00e9dition Atelier Fol Fer<\/strong><\/span><\/p>\n<p><span style=\"color: #003366;\"><strong>R\u00e9sum\u00e9:<\/strong><\/span> Il y a eu, certes, quelques livres d\u00e9j\u00e0 pour raconter la formidable aventure du RAID. Mais celui-l\u00e0, \u00e9crit par un homme qui en a \u00e9t\u00e9 un des acteurs et non des moindres a cette qualit\u00e9 de brosser un panorama vivant des r\u00e9alit\u00e9s de ladite aventure. Des balbutiements, presque \u00ab artisanaux \u00bb, de ce groupe d intervention de la Police \u00e0 la concr\u00e9tisation d une structure hyper professionnalis\u00e9e que le monde entier nous envie, aux op\u00e9rations les plus spectaculaires de ces derni\u00e8res ann\u00e9es, Robert Paturel nous donne \u00e0 voir les choses derri\u00e8re les choses. De l int\u00e9rieur. Et \u00e0 hauteur d homme. Car ces policiers d \u00e9lite, qui ont pay\u00e9 au prix fort et n ont pas fini de le faire leur vocation (au sens quasiment religieux du terme), sont d abord des \u00eatres de chair et de sang. Avec leurs doutes. Leurs craintes. Leurs faiblesses aussi, parfois. Ce qui fait la diff\u00e9rence, c est que l\u00e0 o\u00f9 d autres auraient craqu\u00e9 et recul\u00e9, ils restent en premi\u00e8re ligne. Qui ose gagne. Sans gloriole inutile, sans forfanterie, sans exag\u00e9ration, Robert Paturel nous entra\u00eene au c ur de l action. Mais, comme le RAID est d abord et peut-\u00eatre surtout une \u00e9quipe et une famille, il donne la parole \u00e0 ses camarades. Autant de t\u00e9moignages qui, sur de m\u00eames op\u00e9rations, sont \u00e9clair\u00e9s de ressentis diff\u00e9rents. Une histoire d hommes ces M\u00e9moires du RAID ? Oui. Mais, surtout, une histoire d hommes.<\/p>\n","protected":false},"excerpt":{"rendered":"<p>Robert Paturel Maison d&#8217;\u00e9dition Atelier Fol Fer R\u00e9sum\u00e9: Il y a eu, certes, quelques livres d\u00e9j\u00e0 pour raconter la formidable aventure du RAID. Mais celui-l\u00e0, \u00e9crit par un homme qui en a \u00e9t\u00e9 un des acteurs et non des moindres a cette qualit\u00e9 de brosser un panorama vivant des r\u00e9alit\u00e9s de ladite aventure. Des balbutiements, presque \u00ab artisanaux \u00bb, de ce groupe d intervention de la Police \u00e0 la concr\u00e9tisation&hellip; <\/p>\n","protected":false},"author":3,"featured_media":14167,"comment_status":"open","ping_status":"closed","sticky":false,"template":"","format":"standard","meta":{"footnotes":""},"categories":[109,6,25],"tags":[],"class_list":["post-14166","post","type-post","status-publish","format-standard","has-post-thumbnail","hentry","category-francais","category-livros","category-seguranca-publica-e-defesa"],"views":218,"_links":{"self":[{"href":"https:\/\/www.bibliotecadeseguranca.com.br\/fr\/wp-json\/wp\/v2\/posts\/14166","targetHints":{"allow":["GET"]}}],"collection":[{"href":"https:\/\/www.bibliotecadeseguranca.com.br\/fr\/wp-json\/wp\/v2\/posts"}],"about":[{"href":"https:\/\/www.bibliotecadeseguranca.com.br\/fr\/wp-json\/wp\/v2\/types\/post"}],"author":[{"embeddable":true,"href":"https:\/\/www.bibliotecadeseguranca.com.br\/fr\/wp-json\/wp\/v2\/users\/3"}],"replies":[{"embeddable":true,"href":"https:\/\/www.bibliotecadeseguranca.com.br\/fr\/wp-json\/wp\/v2\/comments?post=14166"}],"version-history":[{"count":1,"href":"https:\/\/www.bibliotecadeseguranca.com.br\/fr\/wp-json\/wp\/v2\/posts\/14166\/revisions"}],"predecessor-version":[{"id":14168,"href":"https:\/\/www.bibliotecadeseguranca.com.br\/fr\/wp-json\/wp\/v2\/posts\/14166\/revisions\/14168"}],"wp:featuredmedia":[{"embeddable":true,"href":"https:\/\/www.bibliotecadeseguranca.com.br\/fr\/wp-json\/wp\/v2\/media\/14167"}],"wp:attachment":[{"href":"https:\/\/www.bibliotecadeseguranca.com.br\/fr\/wp-json\/wp\/v2\/media?parent=14166"}],"wp:term":[{"taxonomy":"category","embeddable":true,"href":"https:\/\/www.bibliotecadeseguranca.com.br\/fr\/wp-json\/wp\/v2\/categories?post=14166"},{"taxonomy":"post_tag","embeddable":true,"href":"https:\/\/www.bibliotecadeseguranca.com.br\/fr\/wp-json\/wp\/v2\/tags?post=14166"}],"curies":[{"name":"wp","href":"https:\/\/api.w.org\/{rel}","templated":true}]}}